{"id":3722,"date":"2012-06-15T21:02:08","date_gmt":"2012-06-15T21:02:08","guid":{"rendered":"http:\/\/entecultura.com.ar\/noticias\/?p=3722"},"modified":"2012-06-15T21:02:08","modified_gmt":"2012-06-15T21:02:08","slug":"presentan-en-san-jorge-un-libro-de-monsenor-luigi-giussani","status":"publish","type":"post","link":"http:\/\/enteculturalsantafesino.com.ar\/usina1\/2012\/06\/presentan-en-san-jorge-un-libro-de-monsenor-luigi-giussani\/","title":{"rendered":"Presentan en San Jorge un libro de Monse\u00f1or Luigi Giussani"},"content":{"rendered":"<p>Se llama \u201cLos Or\u00edgenes de la Pretensi\u00f3n Cristiana\u201d. Ser\u00e1 el martes 19 de <a href=\"http:\/\/enteculturalsantafesino.com.ar\/noticias\/wp-content\/uploads\/2012\/06\/luigi.jpg\" rel=\"lightbox[3722]\"><img loading=\"lazy\" decoding=\"async\" class=\"alignright size-medium wp-image-3723\" title=\"luigi\" src=\"http:\/\/enteculturalsantafesino.com.ar\/noticias\/wp-content\/uploads\/2012\/06\/luigi-300x229.jpg\" alt=\"\" width=\"300\" height=\"229\" srcset=\"http:\/\/enteculturalsantafesino.com.ar\/usina1\/wp-content\/uploads\/2012\/06\/luigi-300x229.jpg 300w, http:\/\/enteculturalsantafesino.com.ar\/usina1\/wp-content\/uploads\/2012\/06\/luigi.jpg 550w\" sizes=\"(max-width: 300px) 100vw, 300px\" \/><\/a><\/p>\n<p>junio, a las 19.30 horas, en el Complejo Cultural Municipal. La presentaci\u00f3n estar\u00e1 a cargo del Ing. V\u00edctor Auyer\u00f3s. El libro intenta definir el origen de la fe de los Ap\u00f3stoles y expresar la raz\u00f3n por la que un hombre puede creer en Cristo hoy. Invita el Movimiento Comuni\u00f3n y Liberaci\u00f3n de la Parroquia San Jorge.<\/p>\n","protected":false},"excerpt":{"rendered":"<p>Se llama \u201cLos Or\u00edgenes de la Pretensi\u00f3n Cristiana\u201d. Ser\u00e1 el martes 19 de junio, a las 19.30 [&hellip;]<\/p>\n","protected":false},"author":3,"featured_media":0,"comment_status":"open","ping_status":"open","sticky":false,"template":"","format":"standard","meta":{"_jetpack_memberships_contains_paid_content":false,"footnotes":"","jetpack_publicize_message":"","jetpack_publicize_feature_enabled":true,"jetpack_social_post_already_shared":false,"jetpack_social_options":{"image_generator_settings":{"template":"highway","enabled":false}}},"categories":[1],"tags":[],"jetpack_publicize_connections":[],"jetpack_sharing_enabled":true,"jetpack_featured_media_url":"","_links":{"self":[{"href":"http:\/\/enteculturalsantafesino.com.ar\/usina1\/wp-json\/wp\/v2\/posts\/3722"}],"collection":[{"href":"http:\/\/enteculturalsantafesino.com.ar\/usina1\/wp-json\/wp\/v2\/posts"}],"about":[{"href":"http:\/\/enteculturalsantafesino.com.ar\/usina1\/wp-json\/wp\/v2\/types\/post"}],"author":[{"embeddable":true,"href":"http:\/\/enteculturalsantafesino.com.ar\/usina1\/wp-json\/wp\/v2\/users\/3"}],"replies":[{"embeddable":true,"href":"http:\/\/enteculturalsantafesino.com.ar\/usina1\/wp-json\/wp\/v2\/comments?post=3722"}],"version-history":[{"count":0,"href":"http:\/\/enteculturalsantafesino.com.ar\/usina1\/wp-json\/wp\/v2\/posts\/3722\/revisions"}],"wp:attachment":[{"href":"http:\/\/enteculturalsantafesino.com.ar\/usina1\/wp-json\/wp\/v2\/media?parent=3722"}],"wp:term":[{"taxonomy":"category","embeddable":true,"href":"http:\/\/enteculturalsantafesino.com.ar\/usina1\/wp-json\/wp\/v2\/categories?post=3722"},{"taxonomy":"post_tag","embeddable":true,"href":"http:\/\/enteculturalsantafesino.com.ar\/usina1\/wp-json\/wp\/v2\/tags?post=3722"}],"curies":[{"name":"wp","href":"https:\/\/api.w.org\/{rel}","templated":true}]}}