{"id":3729,"date":"2012-06-15T21:08:17","date_gmt":"2012-06-15T21:08:17","guid":{"rendered":"http:\/\/entecultura.com.ar\/noticias\/?p=3729"},"modified":"2012-06-15T21:08:17","modified_gmt":"2012-06-15T21:08:17","slug":"sastre-este-sabado-1encuentro-de-coros-en-la-escuela","status":"publish","type":"post","link":"http:\/\/enteculturalsantafesino.com.ar\/usina1\/2012\/06\/sastre-este-sabado-1encuentro-de-coros-en-la-escuela\/","title":{"rendered":"SASTRE: ESTE S\u00c1BADO 1\u00b0ENCUENTRO DE COROS EN LA ESCUELA"},"content":{"rendered":"<p>Se realizar\u00e1 este s\u00e1bado 16 de junio en la Capilla de la Escuela San Francisco<a href=\"http:\/\/enteculturalsantafesino.com.ar\/noticias\/wp-content\/uploads\/2012\/06\/images-Noticias-Espectaculos-2012-CoroNi__os-290x185.jpg\" rel=\"lightbox[3729]\"><img loading=\"lazy\" decoding=\"async\" class=\"alignright size-full wp-image-3730\" title=\"images-Noticias-Espectaculos-2012-CoroNi__os-290x185\" src=\"http:\/\/enteculturalsantafesino.com.ar\/noticias\/wp-content\/uploads\/2012\/06\/images-Noticias-Espectaculos-2012-CoroNi__os-290x185.jpg\" alt=\"\" width=\"290\" height=\"185\" \/><\/a><\/p>\n<p>de As\u00eds. Participar\u00e1n Coros de San Mart\u00edn de las Escobas, Humboldt, \u201cCiudad de Sastre\u201d y el Coro de ni\u00f1os del colegio.<\/p>\n<p>Este s\u00e1bado 16 de junio se llevar\u00e1 a cabo el 1\u00b0 Encuentro de Coros en la Escuela, organizado por el Coro Municipal de la ciudad de Sastre. El event\u00f3 tendr\u00e1 lugar en la Capilla de la Escuela San Francisco de As\u00eds, a partir de las 20 horas.<\/p>\n<p>Participar\u00e1n los coros de San Mart\u00edn de las Escobas, de Humboldt, el Coro Municipal \u201cCiudad de Sastre\u201d y el Coro de ni\u00f1os de la Escuela San Francisco de As\u00eds.<\/p>\n<p>\u201cEste encuentro se concreta gracias a la organizaci\u00f3n de nuestro coro y del Circuito Coral Juan Carlos Frutos y a la invalorable colaboraci\u00f3n del Area de Cultura de la Municipalidad\u201d, se\u00f1al\u00f3 la directora del Coro Municipal, profesora marta Giai, quien invit\u00f3 a toda la comunidad.<\/p>\n","protected":false},"excerpt":{"rendered":"<p>Se realizar\u00e1 este s\u00e1bado 16 de junio en la Capilla de la Escuela San Francisco de As\u00eds. [&hellip;]<\/p>\n","protected":false},"author":3,"featured_media":0,"comment_status":"open","ping_status":"open","sticky":false,"template":"","format":"standard","meta":{"_jetpack_memberships_contains_paid_content":false,"footnotes":"","jetpack_publicize_message":"","jetpack_publicize_feature_enabled":true,"jetpack_social_post_already_shared":false,"jetpack_social_options":{"image_generator_settings":{"template":"highway","enabled":false}}},"categories":[1],"tags":[],"jetpack_publicize_connections":[],"jetpack_sharing_enabled":true,"jetpack_featured_media_url":"","_links":{"self":[{"href":"http:\/\/enteculturalsantafesino.com.ar\/usina1\/wp-json\/wp\/v2\/posts\/3729"}],"collection":[{"href":"http:\/\/enteculturalsantafesino.com.ar\/usina1\/wp-json\/wp\/v2\/posts"}],"about":[{"href":"http:\/\/enteculturalsantafesino.com.ar\/usina1\/wp-json\/wp\/v2\/types\/post"}],"author":[{"embeddable":true,"href":"http:\/\/enteculturalsantafesino.com.ar\/usina1\/wp-json\/wp\/v2\/users\/3"}],"replies":[{"embeddable":true,"href":"http:\/\/enteculturalsantafesino.com.ar\/usina1\/wp-json\/wp\/v2\/comments?post=3729"}],"version-history":[{"count":0,"href":"http:\/\/enteculturalsantafesino.com.ar\/usina1\/wp-json\/wp\/v2\/posts\/3729\/revisions"}],"wp:attachment":[{"href":"http:\/\/enteculturalsantafesino.com.ar\/usina1\/wp-json\/wp\/v2\/media?parent=3729"}],"wp:term":[{"taxonomy":"category","embeddable":true,"href":"http:\/\/enteculturalsantafesino.com.ar\/usina1\/wp-json\/wp\/v2\/categories?post=3729"},{"taxonomy":"post_tag","embeddable":true,"href":"http:\/\/enteculturalsantafesino.com.ar\/usina1\/wp-json\/wp\/v2\/tags?post=3729"}],"curies":[{"name":"wp","href":"https:\/\/api.w.org\/{rel}","templated":true}]}}