{"id":3739,"date":"2012-06-15T21:33:39","date_gmt":"2012-06-15T21:33:39","guid":{"rendered":"http:\/\/entecultura.com.ar\/noticias\/?p=3739"},"modified":"2012-06-15T21:33:39","modified_gmt":"2012-06-15T21:33:39","slug":"el-maestro-jose-luis-castineira-de-dios-estara-presente-en-el-cabildo-cultural-santafesino","status":"publish","type":"post","link":"http:\/\/enteculturalsantafesino.com.ar\/usina1\/2012\/06\/el-maestro-jose-luis-castineira-de-dios-estara-presente-en-el-cabildo-cultural-santafesino\/","title":{"rendered":"EL MAESTRO JOS\u00c9 LUIS CASTI\u00d1EIRA DE DIOS ESTAR\u00c1 PRESENTE EN EL CABILDO CULTURAL SANTAFESINO"},"content":{"rendered":"<p>El Director Nacional de Artes perteneciente a la Secretar\u00eda de Cultura de la Naci\u00f3n<a href=\"http:\/\/enteculturalsantafesino.com.ar\/noticias\/wp-content\/uploads\/2012\/06\/023.jpg\" rel=\"lightbox[3739]\"><img loading=\"lazy\" decoding=\"async\" class=\"alignright size-medium wp-image-3740\" title=\"023\" src=\"http:\/\/enteculturalsantafesino.com.ar\/noticias\/wp-content\/uploads\/2012\/06\/023-225x300.jpg\" alt=\"\" width=\"225\" height=\"300\" srcset=\"http:\/\/enteculturalsantafesino.com.ar\/usina1\/wp-content\/uploads\/2012\/06\/023-225x300.jpg 225w, http:\/\/enteculturalsantafesino.com.ar\/usina1\/wp-content\/uploads\/2012\/06\/023-768x1024.jpg 768w, http:\/\/enteculturalsantafesino.com.ar\/usina1\/wp-content\/uploads\/2012\/06\/023.jpg 900w\" sizes=\"(max-width: 225px) 100vw, 225px\" \/><\/a><\/p>\n<p>en la jornada del \u00faltimo jueves se entrevist\u00f3 con integrantes del Ente Regional de Cultura, confirmando su presencia a trav\u00e9s de la disertaci\u00f3n y exposici\u00f3n sobre los 200 a\u00f1os de la M\u00fasica Argentina. En la sede de Cultura Naci\u00f3n el Mtro. Casti\u00f1eira de Dios puso a disposici\u00f3n dentro del programa del Cabildo Cultural Santafesino, algunos de los espect\u00e1culos (organismos culturales) pertenecintes a dicha direcci\u00f3n. De esta manera ya comenzaron a confirmarse muchos de los funcionarios, personalidades y referentes culturales que formar\u00e1n parte de este evento cultural enmarcado en nuestra regi\u00f3n del 27 de agosto al 2 de septiembre. <a href=\"http:\/\/www.cultura.gov.ar\/archivos\/institucional_cvs\/cv_castineira_de_dios.pdf\">http:\/\/www.cultura.gov.ar\/archivos\/institucional_cvs\/cv_castineira_de_dios.pdf<\/a><\/p>\n<p><em><strong>Jos\u00e9 Luis Casti\u00f1eira de Dios<\/strong><\/em><\/p>\n<p align=\"LEFT\">Nacido en Buenos Aires, estudi\u00f3 antropolog\u00eda en la Universidad de Buenos Aires y en Madrid. Fue<\/p>\n<p align=\"LEFT\">investigador de la especialidad en la Universidad del Comahue. Dej\u00f3 la actividad cient\u00edfica a mediados de la<\/p>\n<p align=\"LEFT\">d\u00e9cada del 70 para consagrarse a la m\u00fasica. Reci\u00e9n en los &#8217;90, volver\u00eda a la docencia y a la investigaci\u00f3n en<\/p>\n<p align=\"LEFT\">la Universidad de Palermo y en el Instituto Universitario Nacional del Arte (IUNA).<\/p>\n<p align=\"LEFT\">Residi\u00f3 en Par\u00eds entre 1977 y 1989. A su regreso a la Argentina se desempe\u00f1\u00f3 como subsecretario de Artes<\/p>\n<p align=\"LEFT\">y Acci\u00f3n Cultural en la Secretar\u00eda de Cultura de la Naci\u00f3n entre 1992 y 1994. En el mismo organismo,<\/p>\n<p align=\"LEFT\">previamente ocup\u00f3 los cargos de asesor del subsecretario, y director nacional de M\u00fasica y Danza (en 1991);<\/p>\n<p align=\"LEFT\">y subsecretario adjunto de Cultura, entre 1991 y 1992.<\/p>\n<p align=\"LEFT\">En 1994, la Asamblea Constituyente realizada en Madrid lo eligi\u00f3 como primer presidente del Consejo<\/p>\n<p align=\"LEFT\">Iberoamericano de M\u00fasica (Cimus). Fue asesor de la comisi\u00f3n de Cultura del Senado de la Naci\u00f3n, miembro<\/p>\n<p align=\"LEFT\">fundador del Parlamento Cultural del Mercosur (PARCUM), y de la Legislatura porte\u00f1a. Fue director del Plan<\/p>\n<p align=\"LEFT\">Estrat\u00e9gico de Cultura de la Ciudad (2000 &#8211; 2002), y director general de M\u00fasica de la Ciudad de Buenos Aires<\/p>\n<p align=\"LEFT\">(2003).<\/p>\n<p align=\"LEFT\">Integr\u00f3 la comisi\u00f3n ejecutiva del Quinto Centenario, form\u00f3 parte del directorio del Fondo Nacional de las<\/p>\n<p align=\"LEFT\">Artes en representaci\u00f3n de la Secretar\u00eda de Cultura de la Naci\u00f3n.<\/p>\n<p align=\"LEFT\">En 1999 fue candidato a vicejefe de Gobierno de la Ciudad Aut\u00f3noma de Buenos Aires integrando la f\u00f3rmula<\/p>\n<p align=\"LEFT\">con Irma Roy.<\/p>\n<p align=\"LEFT\">Desarroll\u00f3 tambi\u00e9n la actividad period\u00edstica, especializada en artes y cultura, primero como colaborador en el<\/p>\n<p align=\"LEFT\">diario La Prensa y la revista Gente, luego en la primera redacci\u00f3n del diario La Opini\u00f3n, donde integr\u00f3 el<\/p>\n<p align=\"LEFT\">equipo de redacci\u00f3n del suplemento cultural dirigido por Juan Gelman. M\u00e1s tarde fue colaborador de la<\/p>\n<p align=\"LEFT\">revista Crisis, dirigida por Eduardo Galeano, de El Cronista Comercial y Primera Plana. Con la aparici\u00f3n del<\/p>\n<p align=\"LEFT\">diario Noticias, dirigido por Miguel Bonasso, pas\u00f3 a ocuparse del \u00e1rea de espect\u00e1culos hasta el cierre de la<\/p>\n<p align=\"LEFT\">publicaci\u00f3n. Tambi\u00e9n integr\u00f3 la redacci\u00f3n de la agencia de noticias Telam.<\/p>\n<p align=\"LEFT\">Luego suspendi\u00f3 su labor period\u00edstica hasta su regreso a la Argentina. A comienzos de la d\u00e9cada del &#8217;90,<\/p>\n<p align=\"LEFT\">colabor\u00f3 para los diarios Clar\u00edn y La Naci\u00f3n.<\/p>\n<p align=\"LEFT\">En el plano art\u00edstico, ha desarrollado una actividad de int\u00e9rprete, compositor y director de orquesta en torno<\/p>\n<p align=\"LEFT\">a diversas expresiones musicales. Su obra como compositor abarca pr\u00e1cticamente todos los g\u00e9neros<\/p>\n<p align=\"LEFT\">(sinf\u00f3nico, l\u00edrico, de c\u00e1mara) y ha sido ejecutada y grabada por artistas latinoamericanos y europeos. M\u00fasico<\/p>\n<p align=\"LEFT\">de formaci\u00f3n cl\u00e1sica, aunque tard\u00eda, estudi\u00f3 composici\u00f3n con el maestro Erwin Leuchter y en la Universidad<\/p>\n<p align=\"LEFT\">Cat\u00f3lica Argentina. Fue investigador residente en la Universidad Nacional del Comahue, y trabaj\u00f3 sobre el<\/p>\n<p align=\"LEFT\">folklore de la Patagonia. Fue becario del Instituto de Cultura Hisp\u00e1nica, y del Fondo Nacional de las Artes.<\/p>\n<p align=\"LEFT\">Colabor\u00f3 estrechamente con el cineasta Jorge Prelor\u00e1n y la recopiladora Leda Valladares. Interesado por la<\/p>\n<p align=\"LEFT\">m\u00fasica tradicional de Am\u00e9rica, cre\u00f3 en 1972 el conjunto Anacrusa junto a la cantante y pianista Susana<\/p>\n<p align=\"LEFT\">Lago. Con este grupo grab\u00f3 una docena de discos en el pa\u00eds y en Francia.<\/p>\n<p align=\"LEFT\">Orquestador y Director, colabor\u00f3 con importantes int\u00e9rpretes latinoamericanos y europeos durante su<\/p>\n<p align=\"LEFT\">per\u00edodo parisino. Su Suite Argentina fue estrenada en Portugal por el grupo Opus Ensemble. Junto a Miguel<\/p>\n<p align=\"LEFT\">\u00c1ngel Estrella, U\u00f1a Ramos y Omar Espinosa forma el Cuarteto Dos Mundos a mediados de la d\u00e9cada del 80,<\/p>\n<p align=\"LEFT\">consagrado a la difusi\u00f3n de obras de c\u00e1mara de autores latinoamericanos. Fue arreglador y director musical<\/p>\n<p>de la cantante Mercedes Sosa, y la acompa\u00f1\u00f3 en sus giras internacionales entre 1981 y 1984.<\/p>\n","protected":false},"excerpt":{"rendered":"<p>El Director Nacional de Artes perteneciente a la Secretar\u00eda de Cultura de la Naci\u00f3n en la jornada [&hellip;]<\/p>\n","protected":false},"author":3,"featured_media":0,"comment_status":"open","ping_status":"open","sticky":false,"template":"","format":"standard","meta":{"_jetpack_memberships_contains_paid_content":false,"footnotes":"","jetpack_publicize_message":"","jetpack_publicize_feature_enabled":true,"jetpack_social_post_already_shared":false,"jetpack_social_options":{"image_generator_settings":{"template":"highway","enabled":false}}},"categories":[1],"tags":[],"jetpack_publicize_connections":[],"jetpack_sharing_enabled":true,"jetpack_featured_media_url":"","_links":{"self":[{"href":"http:\/\/enteculturalsantafesino.com.ar\/usina1\/wp-json\/wp\/v2\/posts\/3739"}],"collection":[{"href":"http:\/\/enteculturalsantafesino.com.ar\/usina1\/wp-json\/wp\/v2\/posts"}],"about":[{"href":"http:\/\/enteculturalsantafesino.com.ar\/usina1\/wp-json\/wp\/v2\/types\/post"}],"author":[{"embeddable":true,"href":"http:\/\/enteculturalsantafesino.com.ar\/usina1\/wp-json\/wp\/v2\/users\/3"}],"replies":[{"embeddable":true,"href":"http:\/\/enteculturalsantafesino.com.ar\/usina1\/wp-json\/wp\/v2\/comments?post=3739"}],"version-history":[{"count":0,"href":"http:\/\/enteculturalsantafesino.com.ar\/usina1\/wp-json\/wp\/v2\/posts\/3739\/revisions"}],"wp:attachment":[{"href":"http:\/\/enteculturalsantafesino.com.ar\/usina1\/wp-json\/wp\/v2\/media?parent=3739"}],"wp:term":[{"taxonomy":"category","embeddable":true,"href":"http:\/\/enteculturalsantafesino.com.ar\/usina1\/wp-json\/wp\/v2\/categories?post=3739"},{"taxonomy":"post_tag","embeddable":true,"href":"http:\/\/enteculturalsantafesino.com.ar\/usina1\/wp-json\/wp\/v2\/tags?post=3739"}],"curies":[{"name":"wp","href":"https:\/\/api.w.org\/{rel}","templated":true}]}}