{"id":3743,"date":"2012-06-16T18:58:23","date_gmt":"2012-06-16T18:58:23","guid":{"rendered":"http:\/\/entecultura.com.ar\/noticias\/?p=3743"},"modified":"2012-06-16T18:58:23","modified_gmt":"2012-06-16T18:58:23","slug":"canada-de-gomez-miroli-frente-a-dos-publicos-complementarios","status":"publish","type":"post","link":"http:\/\/enteculturalsantafesino.com.ar\/usina1\/2012\/06\/canada-de-gomez-miroli-frente-a-dos-publicos-complementarios\/","title":{"rendered":"Ca\u00f1ada de G\u00f3mez: Miroli frente a dos p\u00fablicos complementarios"},"content":{"rendered":"<table width=\"475\" border=\"0\" bgcolor=\"#ffffff\">\n<tbody>\n<tr>\n<td align=\"left\"><strong>La primera charla estuvo <a href=\"http:\/\/enteculturalsantafesino.com.ar\/noticias\/wp-content\/uploads\/2012\/06\/miroli.png\" rel=\"lightbox[3743]\"><img loading=\"lazy\" decoding=\"async\" class=\"alignright size-medium wp-image-3744\" title=\"miroli\" src=\"http:\/\/enteculturalsantafesino.com.ar\/noticias\/wp-content\/uploads\/2012\/06\/miroli-300x164.png\" alt=\"\" width=\"300\" height=\"164\" srcset=\"http:\/\/enteculturalsantafesino.com.ar\/usina1\/wp-content\/uploads\/2012\/06\/miroli-300x164.png 300w, http:\/\/enteculturalsantafesino.com.ar\/usina1\/wp-content\/uploads\/2012\/06\/miroli.png 464w\" sizes=\"(max-width: 300px) 100vw, 300px\" \/><\/a><\/strong><\/p>\n<p><strong>dirigida a los chicos, y la<\/strong><\/p>\n<p><strong>\u00a0segunda, con lleno total del Santa Cecilia, a los padres. En ambas expuso sus dotes de experimentado comunicador con un mensaje directo.<\/strong><\/td>\n<\/tr>\n<tr>\n<td id=\"cuerpo\" align=\"left\">Como hace quince a\u00f1os atr\u00e1s, Alfredo Miroli visit\u00f3 la ciudad, y tuvo dos encuentros multitudinarios en auditorios distintos y p\u00fablicos diferentes. El de la ma\u00f1ana, en el Sport Club, repiti\u00f3 el mencionado encuentro efectuado a\u00f1os atr\u00e1s. Entonces el foco se pon\u00eda en el sida a trav\u00e9s de las drogas, hoy el consumo y sus consecuencias fueron el nudo de una charla en la que el Dr. Miroli cautiv\u00f3 a una audiencia de adolescentes con muchas dudas y preguntas. A la noche la cita fue con los padres. Del problema que el consumo provoca en el \u00e1mbito familiar, lo da el lleno total del local del auditorio Santa Cecilia. En la charla los mayores tuvieron, a calz\u00f3n quitado, respuestas a preguntas que rondan a cada familia con chicos, quienes en esta \u00e9poca se consideran a s\u00ed mismas como grupos de riesgo.<\/td>\n<\/tr>\n<\/tbody>\n<\/table>\n","protected":false},"excerpt":{"rendered":"<p>La primera charla estuvo dirigida a los chicos, y la \u00a0segunda, con lleno total del Santa Cecilia, [&hellip;]<\/p>\n","protected":false},"author":3,"featured_media":0,"comment_status":"open","ping_status":"open","sticky":false,"template":"","format":"standard","meta":{"_jetpack_memberships_contains_paid_content":false,"footnotes":"","jetpack_publicize_message":"","jetpack_publicize_feature_enabled":true,"jetpack_social_post_already_shared":false,"jetpack_social_options":{"image_generator_settings":{"template":"highway","enabled":false}}},"categories":[4],"tags":[],"jetpack_publicize_connections":[],"jetpack_sharing_enabled":true,"jetpack_featured_media_url":"","_links":{"self":[{"href":"http:\/\/enteculturalsantafesino.com.ar\/usina1\/wp-json\/wp\/v2\/posts\/3743"}],"collection":[{"href":"http:\/\/enteculturalsantafesino.com.ar\/usina1\/wp-json\/wp\/v2\/posts"}],"about":[{"href":"http:\/\/enteculturalsantafesino.com.ar\/usina1\/wp-json\/wp\/v2\/types\/post"}],"author":[{"embeddable":true,"href":"http:\/\/enteculturalsantafesino.com.ar\/usina1\/wp-json\/wp\/v2\/users\/3"}],"replies":[{"embeddable":true,"href":"http:\/\/enteculturalsantafesino.com.ar\/usina1\/wp-json\/wp\/v2\/comments?post=3743"}],"version-history":[{"count":0,"href":"http:\/\/enteculturalsantafesino.com.ar\/usina1\/wp-json\/wp\/v2\/posts\/3743\/revisions"}],"wp:attachment":[{"href":"http:\/\/enteculturalsantafesino.com.ar\/usina1\/wp-json\/wp\/v2\/media?parent=3743"}],"wp:term":[{"taxonomy":"category","embeddable":true,"href":"http:\/\/enteculturalsantafesino.com.ar\/usina1\/wp-json\/wp\/v2\/categories?post=3743"},{"taxonomy":"post_tag","embeddable":true,"href":"http:\/\/enteculturalsantafesino.com.ar\/usina1\/wp-json\/wp\/v2\/tags?post=3743"}],"curies":[{"name":"wp","href":"https:\/\/api.w.org\/{rel}","templated":true}]}}