{"id":3747,"date":"2012-06-16T19:32:41","date_gmt":"2012-06-16T19:32:41","guid":{"rendered":"http:\/\/entecultura.com.ar\/noticias\/?p=3747"},"modified":"2012-06-16T19:33:40","modified_gmt":"2012-06-16T19:33:40","slug":"el-trebol-se-prepara-para-celebrar-el-dia-de-la-bandera","status":"publish","type":"post","link":"http:\/\/enteculturalsantafesino.com.ar\/usina1\/2012\/06\/el-trebol-se-prepara-para-celebrar-el-dia-de-la-bandera\/","title":{"rendered":"El Tr\u00e9bol se prepara para celebrar el D\u00eda de la Bandera"},"content":{"rendered":"<p>Este a\u00f1o es sumamente especial para los argentinos porque estamos<a href=\"http:\/\/enteculturalsantafesino.com.ar\/noticias\/wp-content\/uploads\/2012\/06\/el-trebol.jpg\" rel=\"lightbox[3747]\"><img loading=\"lazy\" decoding=\"async\" class=\"alignright size-medium wp-image-3748\" title=\"el trebol\" src=\"http:\/\/enteculturalsantafesino.com.ar\/noticias\/wp-content\/uploads\/2012\/06\/el-trebol-300x163.jpg\" alt=\"\" width=\"300\" height=\"163\" srcset=\"http:\/\/enteculturalsantafesino.com.ar\/usina1\/wp-content\/uploads\/2012\/06\/el-trebol-300x163.jpg 300w, http:\/\/enteculturalsantafesino.com.ar\/usina1\/wp-content\/uploads\/2012\/06\/el-trebol-1024x559.jpg 1024w, http:\/\/enteculturalsantafesino.com.ar\/usina1\/wp-content\/uploads\/2012\/06\/el-trebol.jpg 1200w\" sizes=\"(max-width: 300px) 100vw, 300px\" \/><\/a><\/p>\n<p>hablando de nuestra insignia patria, y debemos festejar el bicentenario como corresponde.<\/p>\n<p>Por eso desde el Municipio de El Tr\u00e9bol se han programado una serie de actividades:<\/p>\n<p><strong>Viernes 15:<\/strong><\/p>\n<ul>\n<li>19:30 hs. Inauguraci\u00f3n de la muestra \u201cLas banderas de Belgrano\u201d, con la presencia de la Sra. Susana Vigna, Directora de la\u00a0 Biblioteca Popular de Mar\u00eda Juana, investigadora sobre la Sra. Mar\u00eda Catalina Echevarr\u00eda de Vidal, la mujer que cosi\u00f3 la Bandera de Belgrano, y uno de sus descendientes. Lugar: Museo Municipal<\/li>\n<\/ul>\n<p><strong>Lunes 18:<\/strong><\/p>\n<ul>\n<li>21:00 hs. \u201cEl delirio y la lluvia\u201d, obra teatral unipersonal sobre la vida de Belgrano. Con la actuaci\u00f3n de Diego Bollero y bajo la direcci\u00f3n de Carlos Romagnoli. Entrada libre y gratuita. Lugar: Museo Municipal<\/li>\n<\/ul>\n<p><strong>Mi\u00e9rcoles\u00a0 20:<\/strong><\/p>\n<ul>\n<li>14:00 hs. en la Plaza San Mart\u00edn: Juegos recreativos.<\/li>\n<li>15:00 hs Acto de promesa de lealtad a la\u00a0 Bandera de los alumnos de 4to. Grado de las instituciones educativas.<\/li>\n<li>16:00 hs Presentaci\u00f3n de \u201cNuestro Canto\u201d.<\/li>\n<li>17:00 hs Presentaci\u00f3n de Cristian Amado.<\/li>\n<\/ul>\n<p><strong>Jueves 21:<\/strong><\/p>\n<ul>\n<li>21:00 hs. Proyecci\u00f3n de la pel\u00edcula \u201cBelgrano\u201d en el Museo Municipal. Entrega de copias a las instituciones educativas a cargo de nuestro Intendente.<\/li>\n<\/ul>\n<p>Fuente: comosomosdigital<\/p>\n","protected":false},"excerpt":{"rendered":"<p>Este a\u00f1o es sumamente especial para los argentinos porque estamos hablando de nuestra insignia patria, y debemos [&hellip;]<\/p>\n","protected":false},"author":3,"featured_media":0,"comment_status":"open","ping_status":"open","sticky":false,"template":"","format":"standard","meta":{"_jetpack_memberships_contains_paid_content":false,"footnotes":"","jetpack_publicize_message":"","jetpack_publicize_feature_enabled":true,"jetpack_social_post_already_shared":false,"jetpack_social_options":{"image_generator_settings":{"template":"highway","enabled":false}}},"categories":[4],"tags":[],"jetpack_publicize_connections":[],"jetpack_sharing_enabled":true,"jetpack_featured_media_url":"","_links":{"self":[{"href":"http:\/\/enteculturalsantafesino.com.ar\/usina1\/wp-json\/wp\/v2\/posts\/3747"}],"collection":[{"href":"http:\/\/enteculturalsantafesino.com.ar\/usina1\/wp-json\/wp\/v2\/posts"}],"about":[{"href":"http:\/\/enteculturalsantafesino.com.ar\/usina1\/wp-json\/wp\/v2\/types\/post"}],"author":[{"embeddable":true,"href":"http:\/\/enteculturalsantafesino.com.ar\/usina1\/wp-json\/wp\/v2\/users\/3"}],"replies":[{"embeddable":true,"href":"http:\/\/enteculturalsantafesino.com.ar\/usina1\/wp-json\/wp\/v2\/comments?post=3747"}],"version-history":[{"count":0,"href":"http:\/\/enteculturalsantafesino.com.ar\/usina1\/wp-json\/wp\/v2\/posts\/3747\/revisions"}],"wp:attachment":[{"href":"http:\/\/enteculturalsantafesino.com.ar\/usina1\/wp-json\/wp\/v2\/media?parent=3747"}],"wp:term":[{"taxonomy":"category","embeddable":true,"href":"http:\/\/enteculturalsantafesino.com.ar\/usina1\/wp-json\/wp\/v2\/categories?post=3747"},{"taxonomy":"post_tag","embeddable":true,"href":"http:\/\/enteculturalsantafesino.com.ar\/usina1\/wp-json\/wp\/v2\/tags?post=3747"}],"curies":[{"name":"wp","href":"https:\/\/api.w.org\/{rel}","templated":true}]}}