{"id":3753,"date":"2012-06-16T20:52:37","date_gmt":"2012-06-16T20:52:37","guid":{"rendered":"http:\/\/entecultura.com.ar\/noticias\/?p=3753"},"modified":"2012-06-16T20:52:37","modified_gmt":"2012-06-16T20:52:37","slug":"san-genaro-1-jornada-de-prevencion-de-adicciones-y-abuso-excesivo-de-alcohol","status":"publish","type":"post","link":"http:\/\/enteculturalsantafesino.com.ar\/usina1\/2012\/06\/san-genaro-1-jornada-de-prevencion-de-adicciones-y-abuso-excesivo-de-alcohol\/","title":{"rendered":"SAN GENARO: 1\u00b0 Jornada de Prevenci\u00f3n de Adicciones y Abuso Excesivo de Alcohol"},"content":{"rendered":"<p><a href=\"http:\/\/enteculturalsantafesino.com.ar\/noticias\/wp-content\/uploads\/2012\/06\/JORNADA-SG.jpg\" rel=\"lightbox[3753]\"><img loading=\"lazy\" decoding=\"async\" class=\"alignright size-medium wp-image-3754\" title=\"JORNADA SG\" src=\"http:\/\/enteculturalsantafesino.com.ar\/noticias\/wp-content\/uploads\/2012\/06\/JORNADA-SG-300x225.jpg\" alt=\"\" width=\"300\" height=\"225\" srcset=\"http:\/\/enteculturalsantafesino.com.ar\/usina1\/wp-content\/uploads\/2012\/06\/JORNADA-SG-300x225.jpg 300w, http:\/\/enteculturalsantafesino.com.ar\/usina1\/wp-content\/uploads\/2012\/06\/JORNADA-SG.jpg 720w\" sizes=\"(max-width: 300px) 100vw, 300px\" \/><\/a>Como estaba previsto se realiz\u00f3 en la ciudad de San Genaro la \u201c1\u00b0 Jornada de Prevenci\u00f3n de Adicciones y Abuso Excesivo de Alcohol\u201d de la cual participaron la Municipalidad de San Genaro, las escuelas secundarias, la Iglesia Cristiana Evang\u00e9lica, la Iglesia Cat\u00f3lica y ambas comisarias.<\/p>\n<p>Por la ma\u00f1ana se llev\u00f3 a cabo en la Escuela \u201cMariano Moreno\u201d el primer taller, el Intendente Municipal Fernando Su\u00e1rez realiz\u00f3 la apertura de la Jornada, adem\u00e1s estuvieron presentes la Secretaria de Gobierno, Lic. Viviana Cappelletti y la Coordinadora de Desarrollo Social, Ps. Lorena Bollettini,\u00a0 mas tarde la charla continu\u00f3 en la Escuela N\u00b0 310 donde tambi\u00e9n participaron alumnos de la Escuela T\u00e9cnica N\u00b0 674, los paneles estuvieron integrados por disertantes de la Pastoral Diocesana de Prevenci\u00f3n de adicciones de la Arquidi\u00f3cesis de Santa Fe, por profesionales de la Direcci\u00f3n General de Prevenci\u00f3n y Control de las Adicciones de la polic\u00eda de la provincia de Santa F\u00e9 y por profesionales de la Fundaci\u00f3n \u201cEsperanza de Vida\u201d de la ciudad de Rosario.<\/p>\n<p>El cierre de la Jornada se desarrollo con un panel para padres donde se gener\u00f3 un entretenido debate, los profesionales comentaron los alcances de la ley, mientras que los presentes expusieron los problemas que se generan con las adicciones.<\/p>\n<p><em><strong>\u201cLa construcci\u00f3n de un Municipio saludable es tarea de todos\u201d <\/strong><\/em><\/p>\n","protected":false},"excerpt":{"rendered":"<p>Como estaba previsto se realiz\u00f3 en la ciudad de San Genaro la \u201c1\u00b0 Jornada de Prevenci\u00f3n de [&hellip;]<\/p>\n","protected":false},"author":3,"featured_media":0,"comment_status":"open","ping_status":"open","sticky":false,"template":"","format":"standard","meta":{"_jetpack_memberships_contains_paid_content":false,"footnotes":"","jetpack_publicize_message":"","jetpack_publicize_feature_enabled":true,"jetpack_social_post_already_shared":false,"jetpack_social_options":{"image_generator_settings":{"template":"highway","enabled":false}}},"categories":[1],"tags":[],"jetpack_publicize_connections":[],"jetpack_sharing_enabled":true,"jetpack_featured_media_url":"","_links":{"self":[{"href":"http:\/\/enteculturalsantafesino.com.ar\/usina1\/wp-json\/wp\/v2\/posts\/3753"}],"collection":[{"href":"http:\/\/enteculturalsantafesino.com.ar\/usina1\/wp-json\/wp\/v2\/posts"}],"about":[{"href":"http:\/\/enteculturalsantafesino.com.ar\/usina1\/wp-json\/wp\/v2\/types\/post"}],"author":[{"embeddable":true,"href":"http:\/\/enteculturalsantafesino.com.ar\/usina1\/wp-json\/wp\/v2\/users\/3"}],"replies":[{"embeddable":true,"href":"http:\/\/enteculturalsantafesino.com.ar\/usina1\/wp-json\/wp\/v2\/comments?post=3753"}],"version-history":[{"count":0,"href":"http:\/\/enteculturalsantafesino.com.ar\/usina1\/wp-json\/wp\/v2\/posts\/3753\/revisions"}],"wp:attachment":[{"href":"http:\/\/enteculturalsantafesino.com.ar\/usina1\/wp-json\/wp\/v2\/media?parent=3753"}],"wp:term":[{"taxonomy":"category","embeddable":true,"href":"http:\/\/enteculturalsantafesino.com.ar\/usina1\/wp-json\/wp\/v2\/categories?post=3753"},{"taxonomy":"post_tag","embeddable":true,"href":"http:\/\/enteculturalsantafesino.com.ar\/usina1\/wp-json\/wp\/v2\/tags?post=3753"}],"curies":[{"name":"wp","href":"https:\/\/api.w.org\/{rel}","templated":true}]}}