{"id":3757,"date":"2012-06-16T22:24:15","date_gmt":"2012-06-16T22:24:15","guid":{"rendered":"http:\/\/entecultura.com.ar\/noticias\/?p=3757"},"modified":"2012-06-17T21:54:37","modified_gmt":"2012-06-17T21:54:37","slug":"la-obra-malvinas-un-historia-se-presento-en-canada-de-gomez","status":"publish","type":"post","link":"http:\/\/enteculturalsantafesino.com.ar\/usina1\/2012\/06\/la-obra-malvinas-un-historia-se-presento-en-canada-de-gomez\/","title":{"rendered":"LA OBRA \u00abMALVINAS UNA HISTORIA\u00bb SE PRESENT\u00d3 EN CA\u00d1ADA DE G\u00d3MEZ"},"content":{"rendered":"<p><a href=\"http:\/\/enteculturalsantafesino.com.ar\/noticias\/wp-content\/uploads\/2012\/06\/malvinas-11.png\" rel=\"lightbox[3757]\"><img loading=\"lazy\" decoding=\"async\" class=\"size-medium wp-image-3760 alignright\" title=\"malvinas 1\" src=\"http:\/\/enteculturalsantafesino.com.ar\/noticias\/wp-content\/uploads\/2012\/06\/malvinas-11-300x225.png\" alt=\"\" width=\"300\" height=\"225\" srcset=\"http:\/\/enteculturalsantafesino.com.ar\/usina1\/wp-content\/uploads\/2012\/06\/malvinas-11-300x225.png 300w, http:\/\/enteculturalsantafesino.com.ar\/usina1\/wp-content\/uploads\/2012\/06\/malvinas-11.png 960w\" sizes=\"(max-width: 300px) 100vw, 300px\" \/><\/a><strong>Municipalidad de <\/strong><strong>Ca\u00f1ada de G\u00f3mez <\/strong>durante la jornada del viernes 15 desde las 21hs en la Casa del Bicentenario desarrollo el cierre de actividades programadas desde el 2 de abril en homenaje a los 30 a\u00f1os de la Gesta de Malvinas.<\/p>\n<p>La Obra <strong><em>\u00abMalvinas una Historia\u00bb del rosense Mariano Vilarruel<\/em><\/strong> fue la responsable de presentarse ante el p\u00fablico y el grupo que llev\u00f3 a cabo las diversas actividades programadas durante este tiempo en la localidad ca\u00f1adense.<\/p>\n<p><em>Mariano Villarruel, Fernando Banegas Germ\u00e1n Staffolani llevaron a cabo las canciones que forman parte de este audiovisual .<\/em><\/p>\n<p>Emoci\u00f3n, reconocimientos, revalorizaci\u00f3n y malvinizaci\u00f3n fueron los objetivos planteados por parte de la Gesti\u00f3n Municipal Ca\u00f1adense\u00a0en este per\u00edodo y en este a\u00f1o de los 30\u00b0Aniversario de la Gesta de Malvinas.<\/p>\n","protected":false},"excerpt":{"rendered":"<p>Municipalidad de Ca\u00f1ada de G\u00f3mez durante la jornada del viernes 15 desde las 21hs en la Casa [&hellip;]<\/p>\n","protected":false},"author":3,"featured_media":0,"comment_status":"open","ping_status":"open","sticky":false,"template":"","format":"standard","meta":{"_jetpack_memberships_contains_paid_content":false,"footnotes":"","jetpack_publicize_message":"","jetpack_publicize_feature_enabled":true,"jetpack_social_post_already_shared":false,"jetpack_social_options":{"image_generator_settings":{"template":"highway","enabled":false}}},"categories":[1],"tags":[],"jetpack_publicize_connections":[],"jetpack_sharing_enabled":true,"jetpack_featured_media_url":"","_links":{"self":[{"href":"http:\/\/enteculturalsantafesino.com.ar\/usina1\/wp-json\/wp\/v2\/posts\/3757"}],"collection":[{"href":"http:\/\/enteculturalsantafesino.com.ar\/usina1\/wp-json\/wp\/v2\/posts"}],"about":[{"href":"http:\/\/enteculturalsantafesino.com.ar\/usina1\/wp-json\/wp\/v2\/types\/post"}],"author":[{"embeddable":true,"href":"http:\/\/enteculturalsantafesino.com.ar\/usina1\/wp-json\/wp\/v2\/users\/3"}],"replies":[{"embeddable":true,"href":"http:\/\/enteculturalsantafesino.com.ar\/usina1\/wp-json\/wp\/v2\/comments?post=3757"}],"version-history":[{"count":0,"href":"http:\/\/enteculturalsantafesino.com.ar\/usina1\/wp-json\/wp\/v2\/posts\/3757\/revisions"}],"wp:attachment":[{"href":"http:\/\/enteculturalsantafesino.com.ar\/usina1\/wp-json\/wp\/v2\/media?parent=3757"}],"wp:term":[{"taxonomy":"category","embeddable":true,"href":"http:\/\/enteculturalsantafesino.com.ar\/usina1\/wp-json\/wp\/v2\/categories?post=3757"},{"taxonomy":"post_tag","embeddable":true,"href":"http:\/\/enteculturalsantafesino.com.ar\/usina1\/wp-json\/wp\/v2\/tags?post=3757"}],"curies":[{"name":"wp","href":"https:\/\/api.w.org\/{rel}","templated":true}]}}