{"id":377,"date":"2011-08-11T15:26:52","date_gmt":"2011-08-11T15:26:52","guid":{"rendered":"http:\/\/entecultura.com.ar\/noticias\/?p=377"},"modified":"2011-08-11T15:40:53","modified_gmt":"2011-08-11T15:40:53","slug":"solemne-misa-y-procesion-en-el-trebol","status":"publish","type":"post","link":"http:\/\/enteculturalsantafesino.com.ar\/usina1\/2011\/08\/solemne-misa-y-procesion-en-el-trebol\/","title":{"rendered":"MISA CRIOLLA EN LOS FESTEJOS DE EL TR\u00c9BOL"},"content":{"rendered":"<p>La feligres\u00eda cat\u00f3lica honr\u00f3 a San Lorenzo M\u00e1rtir, patrono de la ciudad de El Tr\u00e9bol, con una masiva participaci\u00f3n de la comunidad, demostrativa de su fe cristiana y de sus deseos de integrarse cada d\u00eda m\u00e1s.<\/p>\n<p>La solemne misa fue concelebrada por el Padre Fabi\u00e1n Gatti, p\u00e1rroco de la Parroquia San Lorenzo M\u00e1rtir; acompa\u00f1ado por los Padres Eladio Lovatto, Santiago Squeff y Jos\u00e9 Mar\u00eda Giudicci, junto al Di\u00e1como Leandro Orellano.<\/p>\n<p><a title=\"Los c\u00e1nticos estuvieron a cargo del Coro Polif\u00f3nico Municipal.\" href=\"http:\/\/www.comosomosdigital.com.ar\/wp-content\/uploads\/2011\/08\/Gr\u00e1fico194.jpg\" rel=\"shadowbox[post-22329];player=img;\" rel=\"lightbox[377]\"><img loading=\"lazy\" decoding=\"async\" title=\"Los c\u00e1nticos estuvieron a cargo del Coro Polif\u00f3nico Municipal.\" src=\"http:\/\/www.comosomosdigital.com.ar\/wp-content\/uploads\/2011\/08\/Gr\u00e1fico194-200x150.jpg\" alt=\"\" width=\"200\" height=\"150\" \/><\/a><\/p>\n<div id=\"attachment_22334\">\n<p>Los c\u00e1nticos estuvieron a cargo del Coro Polif\u00f3nico Municipal<\/p>\n<\/div>\n<p>A las 15 horas, las campanas sonaron convocando a los vecinos para la santa misa. Media hora m\u00e1s tarde en el interior del templo y con el acompa\u00f1amiento del Coro Polif\u00f3nico Municipal, el p\u00e1rroco local Fabi\u00e1n Gatti hizo su ingreso al lugar.<\/p>\n<p>Lo acompa\u00f1aban los sacerdotes Eladio Lovatto, Santiago Squeff y Jos\u00e9 Mar\u00eda Giudicci, junto al Di\u00e1como Leandro Orellano, junto a los monaguillos.<\/p>\n<p>Los c\u00e1nticos a cargo del Coro Polif\u00f3nico Municipal\u00a0 le dieron a la misa un atractivo muy singular y se percibi\u00f3 un ambiente festivo y participativo. A modo de salutaci\u00f3n, el padre Fabi\u00e1n Gatti\u00a0 celebr\u00f3 el oficio religioso; y los otros sacerdotes participaron con la lectura del santo evangelio y p\u00e1rrafos b\u00edblicos.<\/p>\n<p><strong>La procesi\u00f3n<\/strong><strong> <\/strong><\/p>\n<div id=\"attachment_22336\"><a href=\"http:\/\/www.comosomosdigital.com.ar\/wp-content\/uploads\/2011\/08\/Gr\u00e1fico195.jpg\" rel=\"shadowbox[post-22329];player=img;\" rel=\"lightbox[377]\"><strong><em><img loading=\"lazy\" decoding=\"async\" title=\"\u201cUna caminata para abrir el camino al cielo\u201d: coment\u00f3 el Padre Gatti.\" src=\"http:\/\/www.comosomosdigital.com.ar\/wp-content\/uploads\/2011\/08\/Gr\u00e1fico195-200x150.jpg\" alt=\"\" width=\"200\" height=\"150\" \/><\/em><\/strong><\/a>\u201cUna caminata para abrir el camino al cielo\u201d: coment\u00f3 el Padre Gatti.<\/div>\n<p>\u201c<strong><em>Este a\u00f1o la procesi\u00f3n se extender\u00e1, para que esa caminata nos abra el camino al cielo, por eso queremos que sea m\u00e1s larga, para que sea m\u00e1s evidente\u201d:<\/em><\/strong><\/p>\n<p>nos hab\u00eda comentado el Padre\u00a0 Gatti en una entrevista previa a los festejos.Y as\u00ed fue, la procesi\u00f3n se extendi\u00f3 por calle San Lorenzo, hasta R\u00edo Negro, de all\u00ed a J.F. Seg\u00fai, continuando por Emilia Bertol\u00e9 y retornando a la Parroquia. <em>FUENTE: COMO SOMOS DIGITAL<\/em><\/p>\n","protected":false},"excerpt":{"rendered":"<p>La feligres\u00eda cat\u00f3lica honr\u00f3 a San Lorenzo M\u00e1rtir, patrono de la ciudad de El Tr\u00e9bol, con una [&hellip;]<\/p>\n","protected":false},"author":3,"featured_media":0,"comment_status":"open","ping_status":"open","sticky":false,"template":"","format":"standard","meta":{"_jetpack_memberships_contains_paid_content":false,"footnotes":"","jetpack_publicize_message":"","jetpack_publicize_feature_enabled":true,"jetpack_social_post_already_shared":false,"jetpack_social_options":{"image_generator_settings":{"template":"highway","enabled":false}}},"categories":[15,18,4],"tags":[],"jetpack_publicize_connections":[],"jetpack_sharing_enabled":true,"jetpack_featured_media_url":"","_links":{"self":[{"href":"http:\/\/enteculturalsantafesino.com.ar\/usina1\/wp-json\/wp\/v2\/posts\/377"}],"collection":[{"href":"http:\/\/enteculturalsantafesino.com.ar\/usina1\/wp-json\/wp\/v2\/posts"}],"about":[{"href":"http:\/\/enteculturalsantafesino.com.ar\/usina1\/wp-json\/wp\/v2\/types\/post"}],"author":[{"embeddable":true,"href":"http:\/\/enteculturalsantafesino.com.ar\/usina1\/wp-json\/wp\/v2\/users\/3"}],"replies":[{"embeddable":true,"href":"http:\/\/enteculturalsantafesino.com.ar\/usina1\/wp-json\/wp\/v2\/comments?post=377"}],"version-history":[{"count":0,"href":"http:\/\/enteculturalsantafesino.com.ar\/usina1\/wp-json\/wp\/v2\/posts\/377\/revisions"}],"wp:attachment":[{"href":"http:\/\/enteculturalsantafesino.com.ar\/usina1\/wp-json\/wp\/v2\/media?parent=377"}],"wp:term":[{"taxonomy":"category","embeddable":true,"href":"http:\/\/enteculturalsantafesino.com.ar\/usina1\/wp-json\/wp\/v2\/categories?post=377"},{"taxonomy":"post_tag","embeddable":true,"href":"http:\/\/enteculturalsantafesino.com.ar\/usina1\/wp-json\/wp\/v2\/tags?post=377"}],"curies":[{"name":"wp","href":"https:\/\/api.w.org\/{rel}","templated":true}]}}