{"id":3776,"date":"2012-06-17T21:53:32","date_gmt":"2012-06-17T21:53:32","guid":{"rendered":"http:\/\/entecultura.com.ar\/noticias\/?p=3776"},"modified":"2012-06-17T21:53:32","modified_gmt":"2012-06-17T21:53:32","slug":"carlos-pellegrini-celebra-el-20-de-junio","status":"publish","type":"post","link":"http:\/\/enteculturalsantafesino.com.ar\/usina1\/2012\/06\/carlos-pellegrini-celebra-el-20-de-junio\/","title":{"rendered":"CARLOS PELLEGRINI CELEBRA EL 20 DE JUNIO."},"content":{"rendered":"<p>A partir del martes 19 de junio la Comuna de Carlos Pellegrini comienza a celebrar el<a href=\"http:\/\/enteculturalsantafesino.com.ar\/noticias\/wp-content\/uploads\/2012\/06\/PATRICIOS.png\" rel=\"lightbox[3776]\"><img loading=\"lazy\" decoding=\"async\" class=\"alignright size-full wp-image-3777\" title=\"PATRICIOS\" src=\"http:\/\/enteculturalsantafesino.com.ar\/noticias\/wp-content\/uploads\/2012\/06\/PATRICIOS.png\" alt=\"\" width=\"223\" height=\"226\" \/><\/a><\/p>\n<p>Bicentenario de la Creaci\u00f3n de Bandera, <em><strong>con la presencia de tres representates del Estado Mayor del Ej\u00e9rcito &#8211; Regimiento de Patricios quienes estaran visitando las Escuelas en este d\u00eda.<\/strong><\/em> Adem\u00e1s estar\u00e1n participando en exclusividad del Acto del 20 de Junio, en el Centro Cultural, y cerraran su presencia acompa\u00f1ando, al Centro Tradicionalista El Lucero en un paseo gaucho por las calles de la localidad.<br \/>\nInvitaci\u00f3n al Acto. <em><\/em> <em>\u00abLevantemos los corazones para saludarla en su hero\u00edsmo de ayer, en su noble simplicidad de hoy y en su futura grandeza\u00a8<\/em> <em><\/em> La Comuna de Carlos Pellegrini Invita a participar del Acto Oficial organizado por la Escuela Fiscal N\u00b0 272 \u00abDr. Ricardo Guti\u00e9rrez\u00bb y la Escula N\u00b0 1073 \u00bb Sagrado Coraz\u00f3n de Jes\u00fas\u00bb . Lugar: Centro Cultural Jos\u00e9 Mazzini Hora: 10: OO<\/p>\n","protected":false},"excerpt":{"rendered":"<p>A partir del martes 19 de junio la Comuna de Carlos Pellegrini comienza a celebrar el Bicentenario [&hellip;]<\/p>\n","protected":false},"author":3,"featured_media":0,"comment_status":"open","ping_status":"open","sticky":false,"template":"","format":"standard","meta":{"_jetpack_memberships_contains_paid_content":false,"footnotes":"","jetpack_publicize_message":"","jetpack_publicize_feature_enabled":true,"jetpack_social_post_already_shared":false,"jetpack_social_options":{"image_generator_settings":{"template":"highway","enabled":false}}},"categories":[4],"tags":[],"jetpack_publicize_connections":[],"jetpack_sharing_enabled":true,"jetpack_featured_media_url":"","_links":{"self":[{"href":"http:\/\/enteculturalsantafesino.com.ar\/usina1\/wp-json\/wp\/v2\/posts\/3776"}],"collection":[{"href":"http:\/\/enteculturalsantafesino.com.ar\/usina1\/wp-json\/wp\/v2\/posts"}],"about":[{"href":"http:\/\/enteculturalsantafesino.com.ar\/usina1\/wp-json\/wp\/v2\/types\/post"}],"author":[{"embeddable":true,"href":"http:\/\/enteculturalsantafesino.com.ar\/usina1\/wp-json\/wp\/v2\/users\/3"}],"replies":[{"embeddable":true,"href":"http:\/\/enteculturalsantafesino.com.ar\/usina1\/wp-json\/wp\/v2\/comments?post=3776"}],"version-history":[{"count":0,"href":"http:\/\/enteculturalsantafesino.com.ar\/usina1\/wp-json\/wp\/v2\/posts\/3776\/revisions"}],"wp:attachment":[{"href":"http:\/\/enteculturalsantafesino.com.ar\/usina1\/wp-json\/wp\/v2\/media?parent=3776"}],"wp:term":[{"taxonomy":"category","embeddable":true,"href":"http:\/\/enteculturalsantafesino.com.ar\/usina1\/wp-json\/wp\/v2\/categories?post=3776"},{"taxonomy":"post_tag","embeddable":true,"href":"http:\/\/enteculturalsantafesino.com.ar\/usina1\/wp-json\/wp\/v2\/tags?post=3776"}],"curies":[{"name":"wp","href":"https:\/\/api.w.org\/{rel}","templated":true}]}}