{"id":3788,"date":"2012-06-18T13:18:17","date_gmt":"2012-06-18T13:18:17","guid":{"rendered":"http:\/\/entecultura.com.ar\/noticias\/?p=3788"},"modified":"2012-06-18T13:18:17","modified_gmt":"2012-06-18T13:18:17","slug":"maria-juana-acto-20-de-junio","status":"publish","type":"post","link":"http:\/\/enteculturalsantafesino.com.ar\/usina1\/2012\/06\/maria-juana-acto-20-de-junio\/","title":{"rendered":"MAR\u00cdA JUANA: ACTO 20 DE JUNIO"},"content":{"rendered":"<table class=\"alignleft\" style=\"width: 391px; height: 190px;\" width=\"391\" border=\"0\" cellspacing=\"0\" cellpadding=\"0\" align=\"center\">\n<tbody>\n<tr>\n<td valign=\"top\" width=\"348\">\n<div align=\"justify\">La Comuna de Mar\u00eda Juana, <a href=\"http:\/\/enteculturalsantafesino.com.ar\/noticias\/wp-content\/uploads\/2012\/06\/BANDERA-MA.-JUANA.jpg\" rel=\"lightbox[3788]\"><img loading=\"lazy\" decoding=\"async\" class=\"alignright size-full wp-image-3789\" title=\"BANDERA MA. JUANA\" src=\"http:\/\/enteculturalsantafesino.com.ar\/noticias\/wp-content\/uploads\/2012\/06\/BANDERA-MA.-JUANA.jpg\" alt=\"\" width=\"192\" height=\"142\" \/><\/a><\/div>\n<div align=\"justify\">a trav\u00e9s del \u00c1rea de Cultura y Educaci\u00f3n\u00a0 invita a la comunidad,\u00a0 al Acto con motivo del D\u00eda de la Bandera, este mi\u00e9rcoles desde las 14:30 hs. El mismo se desarrollara en la Plaza Publica San Martin, con un escenario ubicado pr\u00f3ximo\u00a0 al Monumento a la Madre con frente hacia el Norte. El acto constara de un Paseo Criollo que se iniciara en el Camping Comunal y que recorrer\u00e1 las calles de nuestro pueblo. El mismo ha sido organizado por el Taller de Cultura Equina y participan jinetes de Mar\u00eda Juana y la regi\u00f3n.<\/div>\n<\/td>\n<\/tr>\n<tr>\n<td colspan=\"2\" valign=\"top\" height=\"89\">\n<div align=\"justify\">A las 15:15 ser\u00e1 el Acto Oficial con la promesa de Lealtad de los alumnos de las Escuelas Primarias, participando los talleres de Ritmos, Danzas \u00c1rabes, Danzas Folkl\u00f3ricas, Canto\u00a0 y Tango. La invitaci\u00f3n est\u00e1 hecha y la Comuna espera contar con la poblaci\u00f3n presente en este acto teniendo en cuenta que nuestra bandera ha cumplido 200 a\u00f1os de vida. Los talleres de artes pl\u00e1sticas ser\u00e1n los encargados de adornar la plaza de celeste y blanco.<\/div>\n<\/td>\n<\/tr>\n<\/tbody>\n<\/table>\n","protected":false},"excerpt":{"rendered":"<p>La Comuna de Mar\u00eda Juana, a trav\u00e9s del \u00c1rea de Cultura y Educaci\u00f3n\u00a0 invita a la comunidad,\u00a0 [&hellip;]<\/p>\n","protected":false},"author":3,"featured_media":0,"comment_status":"open","ping_status":"open","sticky":false,"template":"","format":"standard","meta":{"_jetpack_memberships_contains_paid_content":false,"footnotes":"","jetpack_publicize_message":"","jetpack_publicize_feature_enabled":true,"jetpack_social_post_already_shared":false,"jetpack_social_options":{"image_generator_settings":{"template":"highway","enabled":false}}},"categories":[1],"tags":[],"jetpack_publicize_connections":[],"jetpack_sharing_enabled":true,"jetpack_featured_media_url":"","_links":{"self":[{"href":"http:\/\/enteculturalsantafesino.com.ar\/usina1\/wp-json\/wp\/v2\/posts\/3788"}],"collection":[{"href":"http:\/\/enteculturalsantafesino.com.ar\/usina1\/wp-json\/wp\/v2\/posts"}],"about":[{"href":"http:\/\/enteculturalsantafesino.com.ar\/usina1\/wp-json\/wp\/v2\/types\/post"}],"author":[{"embeddable":true,"href":"http:\/\/enteculturalsantafesino.com.ar\/usina1\/wp-json\/wp\/v2\/users\/3"}],"replies":[{"embeddable":true,"href":"http:\/\/enteculturalsantafesino.com.ar\/usina1\/wp-json\/wp\/v2\/comments?post=3788"}],"version-history":[{"count":0,"href":"http:\/\/enteculturalsantafesino.com.ar\/usina1\/wp-json\/wp\/v2\/posts\/3788\/revisions"}],"wp:attachment":[{"href":"http:\/\/enteculturalsantafesino.com.ar\/usina1\/wp-json\/wp\/v2\/media?parent=3788"}],"wp:term":[{"taxonomy":"category","embeddable":true,"href":"http:\/\/enteculturalsantafesino.com.ar\/usina1\/wp-json\/wp\/v2\/categories?post=3788"},{"taxonomy":"post_tag","embeddable":true,"href":"http:\/\/enteculturalsantafesino.com.ar\/usina1\/wp-json\/wp\/v2\/tags?post=3788"}],"curies":[{"name":"wp","href":"https:\/\/api.w.org\/{rel}","templated":true}]}}