{"id":380,"date":"2011-08-11T15:35:48","date_gmt":"2011-08-11T15:35:48","guid":{"rendered":"http:\/\/entecultura.com.ar\/noticias\/?p=380"},"modified":"2011-08-11T15:36:18","modified_gmt":"2011-08-11T15:36:18","slug":"revolucion-lega-a-las-parejas","status":"publish","type":"post","link":"http:\/\/enteculturalsantafesino.com.ar\/usina1\/2011\/08\/revolucion-lega-a-las-parejas\/","title":{"rendered":"REVOLUCI\u00d3N LLEGA A LAS PAREJAS"},"content":{"rendered":"<p>La Direcci\u00f3n de Cultura y Educaci\u00f3n de la Municipalidad de Las Parejas ofrecer\u00e1\u00a0 la proyecci\u00f3n de la pel\u00edcula: Revoluci\u00f3n: El Cruce de los Andes, a todos los establecimientos educativos de la ciudad, culminando con una funci\u00f3n el d\u00eda martes 1<a href=\"http:\/\/enteculturalsantafesino.com.ar\/noticias\/wp-content\/uploads\/2011\/08\/REVOLUCION-PELI.png\" rel=\"lightbox[380]\"><img loading=\"lazy\" decoding=\"async\" class=\"alignright size-full wp-image-381\" title=\"REVOLUCION PELI\" src=\"http:\/\/enteculturalsantafesino.com.ar\/noticias\/wp-content\/uploads\/2011\/08\/REVOLUCION-PELI.png\" alt=\"\" width=\"158\" height=\"112\" \/><\/a>6 de agosto a las 20 hs. destinada a todos los ciudadanos parejenses que quieran disfrutarla., en el Cine Sociedad Italiana. Entrada libre y gratuita.\u00a0 SINOPSIS DE LA PEL\u00cdCULA: 1880, Buenos Aires. En una pensi\u00f3n perdida, un periodista entrevista a uno de los \u00faltimos hombres vivos que cruzaron los Andes junto a San Mart\u00edn. Manuel Esteban de Corval\u00e1n contaba con 15 a\u00f1os en ese entonces, y por saber leer y escribir fue uno de sus secretarios. Su relato nos permitir\u00e1 adentrarnos en una de las mayores haza\u00f1as de la historia militar universal, el cruce de los andes por un ej\u00e9rcito de 5200 hombres, desde Cuyo hacia Chile, y en la intimidad de su l\u00edder y conductor, uno de los hombres mas grandes que la revoluci\u00f3n haya engendrado. Jos\u00e9 Francisco de San Mart\u00edn. El revolucionario, el republicano, el hombre de la Ilustraci\u00f3n, el mas\u00f3n. El de la mala salud de hierro. El genio militar que comparan con An\u00edbal, con Napole\u00f3n. El estratega pol\u00edtico. El Gran Capit\u00e1n. El retrato que nos ofrece Corval\u00e1n de San Mart\u00edn y del cruce, de sus dificultades y peripecias, de la batalla de Chacabuco y de sus compa\u00f1eros de armas, difieren de lo que el periodista entiende como patria, pr\u00f3cer, naci\u00f3n e historia, devolvi\u00e9ndole a la revoluci\u00f3n el car\u00e1cter americano que tuvo en sus or\u00edgenes. T\u00edtulo: Revoluci\u00f3n. El cruce de los Andes Origen: Argentina A\u00f1o: 2010 Formato: HD \u2013 35 mm \u2013 Color Duraci\u00f3n: 95 minutos Jos\u00e9 de San Mart\u00edn RODRIGO DE LA SERNA\u00a0 Manuel Corval\u00e1n Juan Ciancio\u00a0 Manuel Corval\u00e1n adulto Le\u00f3n Dogodny\u00a0 Periodista Lautaro Delgado\u00a0 Villagr\u00e1n V\u00edctor Carrizo\u00a0 Fray Aldao Pablo Ribba\u00a0 Sargento Blanco Alberto Morle\u00a0 Mayor Luna Guillermo Kuchen\u00a0 \u00c1lvarez Condarco Alberto Ajaka\u00a0 Fray Garc\u00eda Mat\u00edas Marmorato\u00a0 Chasqui Abel Ezequiel Arabales\u00a0 Soler Mart\u00edn Rodr\u00edguez\u00a0 Patrona Pensi\u00f3n Corina Romero\u00a0 Bernardo O\u2019Higgins Javier Olivera\u00a0 Padre Corval\u00e1n Alfredo Castellani\u00a0 Remedios de Escalada Ana Guti\u00e9rrez\u00a0 Se\u00f1ora Corval\u00e1n Lucrecia Oviedo<\/p>\n","protected":false},"excerpt":{"rendered":"<p>La Direcci\u00f3n de Cultura y Educaci\u00f3n de la Municipalidad de Las Parejas ofrecer\u00e1\u00a0 la proyecci\u00f3n de la [&hellip;]<\/p>\n","protected":false},"author":3,"featured_media":0,"comment_status":"open","ping_status":"open","sticky":false,"template":"","format":"standard","meta":{"_jetpack_memberships_contains_paid_content":false,"footnotes":"","jetpack_publicize_message":"","jetpack_publicize_feature_enabled":true,"jetpack_social_post_already_shared":false,"jetpack_social_options":{"image_generator_settings":{"template":"highway","enabled":false}}},"categories":[15,4,10],"tags":[],"jetpack_publicize_connections":[],"jetpack_sharing_enabled":true,"jetpack_featured_media_url":"","_links":{"self":[{"href":"http:\/\/enteculturalsantafesino.com.ar\/usina1\/wp-json\/wp\/v2\/posts\/380"}],"collection":[{"href":"http:\/\/enteculturalsantafesino.com.ar\/usina1\/wp-json\/wp\/v2\/posts"}],"about":[{"href":"http:\/\/enteculturalsantafesino.com.ar\/usina1\/wp-json\/wp\/v2\/types\/post"}],"author":[{"embeddable":true,"href":"http:\/\/enteculturalsantafesino.com.ar\/usina1\/wp-json\/wp\/v2\/users\/3"}],"replies":[{"embeddable":true,"href":"http:\/\/enteculturalsantafesino.com.ar\/usina1\/wp-json\/wp\/v2\/comments?post=380"}],"version-history":[{"count":0,"href":"http:\/\/enteculturalsantafesino.com.ar\/usina1\/wp-json\/wp\/v2\/posts\/380\/revisions"}],"wp:attachment":[{"href":"http:\/\/enteculturalsantafesino.com.ar\/usina1\/wp-json\/wp\/v2\/media?parent=380"}],"wp:term":[{"taxonomy":"category","embeddable":true,"href":"http:\/\/enteculturalsantafesino.com.ar\/usina1\/wp-json\/wp\/v2\/categories?post=380"},{"taxonomy":"post_tag","embeddable":true,"href":"http:\/\/enteculturalsantafesino.com.ar\/usina1\/wp-json\/wp\/v2\/tags?post=380"}],"curies":[{"name":"wp","href":"https:\/\/api.w.org\/{rel}","templated":true}]}}