{"id":3810,"date":"2012-06-18T14:40:35","date_gmt":"2012-06-18T14:40:35","guid":{"rendered":"http:\/\/entecultura.com.ar\/noticias\/?p=3810"},"modified":"2012-06-18T14:40:35","modified_gmt":"2012-06-18T14:40:35","slug":"la-municipalidad-de-san-genaro-apoya-las-iniciativas-culturales-de-las-instituciones-locales","status":"publish","type":"post","link":"http:\/\/enteculturalsantafesino.com.ar\/usina1\/2012\/06\/la-municipalidad-de-san-genaro-apoya-las-iniciativas-culturales-de-las-instituciones-locales\/","title":{"rendered":"La Municipalidad de San Genaro apoya las iniciativas culturales de las instituciones locales"},"content":{"rendered":"<p>El s\u00e1bado 16, en horas de la tarde; se hicieron presentes en el Rotary <a href=\"http:\/\/enteculturalsantafesino.com.ar\/noticias\/wp-content\/uploads\/2012\/06\/MYORES-SAN-GENARO.jpg\" rel=\"lightbox[3810]\"><img loading=\"lazy\" decoding=\"async\" class=\"wp-image-3811 alignright\" title=\"MYORES SAN GENARO\" src=\"http:\/\/enteculturalsantafesino.com.ar\/noticias\/wp-content\/uploads\/2012\/06\/MYORES-SAN-GENARO-300x225.jpg\" alt=\"\" width=\"300\" height=\"225\" srcset=\"http:\/\/enteculturalsantafesino.com.ar\/usina1\/wp-content\/uploads\/2012\/06\/MYORES-SAN-GENARO-300x225.jpg 300w, http:\/\/enteculturalsantafesino.com.ar\/usina1\/wp-content\/uploads\/2012\/06\/MYORES-SAN-GENARO.jpg 720w\" sizes=\"(max-width: 300px) 100vw, 300px\" \/><\/a><\/p>\n<p>San Genaro la Lic. Viviana Cappelletti, Secretaria de Gobierno, junto al Coordinador de Cultura, Juan Carlos B\u00e1ez y el asesor cultural Poeta Jorge Mu\u00f1oz; en representaci\u00f3n del Municipio local; ya que en dicha ocasi\u00f3n la instituci\u00f3n convocante hac\u00eda entrega de Premios y Menciones a quienes resultaron ganadores del Concurso Literario \u201cProfesor Oscar Grandov\u201d que viene organizando anualmente el Rotary local.<\/p>\n<p>La ocasi\u00f3n fue propicia para que a trav\u00e9s de los funcionarios municipales, una vez m\u00e1s la Municipalidad de San Genaro pueda hacer expl\u00edcito <strong>su apoyo incondicional<\/strong> a todas las iniciativas culturales que desarrollan las distintas instituciones de nuestra ciudad y que enriquecen el acervo educativo y formativo de la comunidad.<\/p>\n","protected":false},"excerpt":{"rendered":"<p>El s\u00e1bado 16, en horas de la tarde; se hicieron presentes en el Rotary San Genaro la [&hellip;]<\/p>\n","protected":false},"author":3,"featured_media":0,"comment_status":"open","ping_status":"open","sticky":false,"template":"","format":"standard","meta":{"_jetpack_memberships_contains_paid_content":false,"footnotes":"","jetpack_publicize_message":"","jetpack_publicize_feature_enabled":true,"jetpack_social_post_already_shared":false,"jetpack_social_options":{"image_generator_settings":{"template":"highway","enabled":false}}},"categories":[1],"tags":[],"jetpack_publicize_connections":[],"jetpack_sharing_enabled":true,"jetpack_featured_media_url":"","_links":{"self":[{"href":"http:\/\/enteculturalsantafesino.com.ar\/usina1\/wp-json\/wp\/v2\/posts\/3810"}],"collection":[{"href":"http:\/\/enteculturalsantafesino.com.ar\/usina1\/wp-json\/wp\/v2\/posts"}],"about":[{"href":"http:\/\/enteculturalsantafesino.com.ar\/usina1\/wp-json\/wp\/v2\/types\/post"}],"author":[{"embeddable":true,"href":"http:\/\/enteculturalsantafesino.com.ar\/usina1\/wp-json\/wp\/v2\/users\/3"}],"replies":[{"embeddable":true,"href":"http:\/\/enteculturalsantafesino.com.ar\/usina1\/wp-json\/wp\/v2\/comments?post=3810"}],"version-history":[{"count":0,"href":"http:\/\/enteculturalsantafesino.com.ar\/usina1\/wp-json\/wp\/v2\/posts\/3810\/revisions"}],"wp:attachment":[{"href":"http:\/\/enteculturalsantafesino.com.ar\/usina1\/wp-json\/wp\/v2\/media?parent=3810"}],"wp:term":[{"taxonomy":"category","embeddable":true,"href":"http:\/\/enteculturalsantafesino.com.ar\/usina1\/wp-json\/wp\/v2\/categories?post=3810"},{"taxonomy":"post_tag","embeddable":true,"href":"http:\/\/enteculturalsantafesino.com.ar\/usina1\/wp-json\/wp\/v2\/tags?post=3810"}],"curies":[{"name":"wp","href":"https:\/\/api.w.org\/{rel}","templated":true}]}}