{"id":3813,"date":"2012-06-18T20:20:32","date_gmt":"2012-06-18T20:20:32","guid":{"rendered":"http:\/\/entecultura.com.ar\/noticias\/?p=3813"},"modified":"2012-06-18T20:20:32","modified_gmt":"2012-06-18T20:20:32","slug":"sastre-1er-encuentro-de-coros-en-la-escuela","status":"publish","type":"post","link":"http:\/\/enteculturalsantafesino.com.ar\/usina1\/2012\/06\/sastre-1er-encuentro-de-coros-en-la-escuela\/","title":{"rendered":"Sastre: 1er Encuentro de Coros en la escuela"},"content":{"rendered":"<p>El s\u00e1bado 16 de Junio, se celebr\u00f3 el \u00ab1er encuentro de coros en la escuela\u00bb, del cual participaron: <a href=\"http:\/\/enteculturalsantafesino.com.ar\/noticias\/wp-content\/uploads\/2012\/06\/coro-de-ni\u00f1os.jpg\" rel=\"lightbox[3813]\"><img loading=\"lazy\" decoding=\"async\" class=\"size-medium wp-image-3814 alignright\" title=\"coro de ni\u00f1os\" src=\"http:\/\/enteculturalsantafesino.com.ar\/noticias\/wp-content\/uploads\/2012\/06\/coro-de-ni\u00f1os-168x300.jpg\" alt=\"\" width=\"168\" height=\"300\" srcset=\"http:\/\/enteculturalsantafesino.com.ar\/usina1\/wp-content\/uploads\/2012\/06\/coro-de-ni\u00f1os-168x300.jpg 168w, http:\/\/enteculturalsantafesino.com.ar\/usina1\/wp-content\/uploads\/2012\/06\/coro-de-ni\u00f1os.jpg 540w\" sizes=\"(max-width: 168px) 100vw, 168px\" \/><\/a><\/p>\n<p>el Coro de ni\u00f1os de la Escuela San Fco de As\u00eds, los Coros de Humboldt, San Mart\u00edn de las Escobas y el Coro Municipal Ciudad de Sastre. La jornada se llev\u00f3 a cabo en la Capilla de la Escuela San Fco de As\u00eds, bajo un agradable clima familiar, en el que grandes y peque\u00f1os compartieron la pasi\u00f3n y el respeto por la m\u00fasica.<\/p>\n","protected":false},"excerpt":{"rendered":"<p>El s\u00e1bado 16 de Junio, se celebr\u00f3 el \u00ab1er encuentro de coros en la escuela\u00bb, del cual [&hellip;]<\/p>\n","protected":false},"author":3,"featured_media":0,"comment_status":"open","ping_status":"open","sticky":false,"template":"","format":"standard","meta":{"_jetpack_memberships_contains_paid_content":false,"footnotes":"","jetpack_publicize_message":"","jetpack_publicize_feature_enabled":true,"jetpack_social_post_already_shared":false,"jetpack_social_options":{"image_generator_settings":{"template":"highway","enabled":false}}},"categories":[4,6],"tags":[],"jetpack_publicize_connections":[],"jetpack_sharing_enabled":true,"jetpack_featured_media_url":"","_links":{"self":[{"href":"http:\/\/enteculturalsantafesino.com.ar\/usina1\/wp-json\/wp\/v2\/posts\/3813"}],"collection":[{"href":"http:\/\/enteculturalsantafesino.com.ar\/usina1\/wp-json\/wp\/v2\/posts"}],"about":[{"href":"http:\/\/enteculturalsantafesino.com.ar\/usina1\/wp-json\/wp\/v2\/types\/post"}],"author":[{"embeddable":true,"href":"http:\/\/enteculturalsantafesino.com.ar\/usina1\/wp-json\/wp\/v2\/users\/3"}],"replies":[{"embeddable":true,"href":"http:\/\/enteculturalsantafesino.com.ar\/usina1\/wp-json\/wp\/v2\/comments?post=3813"}],"version-history":[{"count":0,"href":"http:\/\/enteculturalsantafesino.com.ar\/usina1\/wp-json\/wp\/v2\/posts\/3813\/revisions"}],"wp:attachment":[{"href":"http:\/\/enteculturalsantafesino.com.ar\/usina1\/wp-json\/wp\/v2\/media?parent=3813"}],"wp:term":[{"taxonomy":"category","embeddable":true,"href":"http:\/\/enteculturalsantafesino.com.ar\/usina1\/wp-json\/wp\/v2\/categories?post=3813"},{"taxonomy":"post_tag","embeddable":true,"href":"http:\/\/enteculturalsantafesino.com.ar\/usina1\/wp-json\/wp\/v2\/tags?post=3813"}],"curies":[{"name":"wp","href":"https:\/\/api.w.org\/{rel}","templated":true}]}}