{"id":3821,"date":"2012-06-19T12:08:12","date_gmt":"2012-06-19T12:08:12","guid":{"rendered":"http:\/\/entecultura.com.ar\/noticias\/?p=3821"},"modified":"2012-06-19T12:08:58","modified_gmt":"2012-06-19T12:08:58","slug":"la-directora-de-cultura-de-maria-juana-asistio-al-museo-de-el-trebol","status":"publish","type":"post","link":"http:\/\/enteculturalsantafesino.com.ar\/usina1\/2012\/06\/la-directora-de-cultura-de-maria-juana-asistio-al-museo-de-el-trebol\/","title":{"rendered":"LA DIRECTORA DE CULTURA DE MAR\u00cdA JUANA ASISTI\u00d3 AL MUSEO DE EL TR\u00c9BOL"},"content":{"rendered":"<table class=\"alignleft\" style=\"width: 347px; height: 177px;\" width=\"347\" border=\"0\" cellspacing=\"0\" cellpadding=\"0\" align=\"center\">\n<tbody>\n<tr>\n<td valign=\"top\" width=\"339\">\n<p align=\"justify\">El pasado 15 de junio <a href=\"http:\/\/enteculturalsantafesino.com.ar\/noticias\/wp-content\/uploads\/2012\/06\/romina-museo-el-trebol.jpg\" rel=\"lightbox[3821]\"><img loading=\"lazy\" decoding=\"async\" class=\"alignright size-full wp-image-3822\" title=\"romina museo el trebol\" src=\"http:\/\/enteculturalsantafesino.com.ar\/noticias\/wp-content\/uploads\/2012\/06\/romina-museo-el-trebol.jpg\" alt=\"\" width=\"213\" height=\"160\" \/><\/a><\/p>\n<p align=\"justify\">se inaugur\u00f3 en el<\/p>\n<p align=\"justify\">Museo Municipal de El Tr\u00e9bol la muestra hist\u00f3rica \u201cLas banderas de Belgrano\u201d. El acto de presentaci\u00f3n cont\u00f3 con la participaci\u00f3n de la Se\u00f1orita Susana Vigna, quien narro la investigaci\u00f3n que realiz\u00f3 sobre la vida de \u201cMar\u00eda Catalina Echevarr\u00eda de Vidal, la costurera de la bandera\u201d tambi\u00e9n se dirigi\u00f3 a los presentes la Se\u00f1orita Beatriz Fern\u00e1ndez (Chozna de Mar\u00eda Catalina). Ambas recibieron de mano del Intendente Municipal Fernando Almada un presente. En el mencionado acto tambi\u00e9n se encontraban presentes La directora de Cultura de la Municipalidad de El Tr\u00e9bol Prof. Alejandra<\/p>\n<\/td>\n<\/tr>\n<tr>\n<td colspan=\"2\" valign=\"top\" height=\"41\">\n<p align=\"justify\">Vismara y su par la Sra. Romina Rodr\u00edguez Kern coordinadora del \u00c1rea de Cultura de la Comuna de Mar\u00eda Juana.<\/p>\n<\/td>\n<\/tr>\n<\/tbody>\n<\/table>\n","protected":false},"excerpt":{"rendered":"<p>El pasado 15 de junio se inaugur\u00f3 en el Museo Municipal de El Tr\u00e9bol la muestra hist\u00f3rica [&hellip;]<\/p>\n","protected":false},"author":3,"featured_media":0,"comment_status":"open","ping_status":"open","sticky":false,"template":"","format":"standard","meta":{"_jetpack_memberships_contains_paid_content":false,"footnotes":"","jetpack_publicize_message":"","jetpack_publicize_feature_enabled":true,"jetpack_social_post_already_shared":false,"jetpack_social_options":{"image_generator_settings":{"template":"highway","enabled":false}}},"categories":[1],"tags":[],"jetpack_publicize_connections":[],"jetpack_sharing_enabled":true,"jetpack_featured_media_url":"","_links":{"self":[{"href":"http:\/\/enteculturalsantafesino.com.ar\/usina1\/wp-json\/wp\/v2\/posts\/3821"}],"collection":[{"href":"http:\/\/enteculturalsantafesino.com.ar\/usina1\/wp-json\/wp\/v2\/posts"}],"about":[{"href":"http:\/\/enteculturalsantafesino.com.ar\/usina1\/wp-json\/wp\/v2\/types\/post"}],"author":[{"embeddable":true,"href":"http:\/\/enteculturalsantafesino.com.ar\/usina1\/wp-json\/wp\/v2\/users\/3"}],"replies":[{"embeddable":true,"href":"http:\/\/enteculturalsantafesino.com.ar\/usina1\/wp-json\/wp\/v2\/comments?post=3821"}],"version-history":[{"count":0,"href":"http:\/\/enteculturalsantafesino.com.ar\/usina1\/wp-json\/wp\/v2\/posts\/3821\/revisions"}],"wp:attachment":[{"href":"http:\/\/enteculturalsantafesino.com.ar\/usina1\/wp-json\/wp\/v2\/media?parent=3821"}],"wp:term":[{"taxonomy":"category","embeddable":true,"href":"http:\/\/enteculturalsantafesino.com.ar\/usina1\/wp-json\/wp\/v2\/categories?post=3821"},{"taxonomy":"post_tag","embeddable":true,"href":"http:\/\/enteculturalsantafesino.com.ar\/usina1\/wp-json\/wp\/v2\/tags?post=3821"}],"curies":[{"name":"wp","href":"https:\/\/api.w.org\/{rel}","templated":true}]}}