{"id":3827,"date":"2012-06-19T12:16:48","date_gmt":"2012-06-19T12:16:48","guid":{"rendered":"http:\/\/entecultura.com.ar\/noticias\/?p=3827"},"modified":"2012-06-19T12:16:48","modified_gmt":"2012-06-19T12:16:48","slug":"julieta-marucco-presente-en-sonando-por-cantar","status":"publish","type":"post","link":"http:\/\/enteculturalsantafesino.com.ar\/usina1\/2012\/06\/julieta-marucco-presente-en-sonando-por-cantar\/","title":{"rendered":"JULIETA MARUCCO PRESENTE EN \u00abSO\u00d1ANDO POR CANTAR\u00bb"},"content":{"rendered":"<p>Esta noche durante la emisi\u00f3n del exitoso programa de Canal 13 \u00abSo\u00f1ando por Cantar\u00bb, <a href=\"http:\/\/enteculturalsantafesino.com.ar\/noticias\/wp-content\/uploads\/2012\/06\/julieta-marucco.jpg\" rel=\"lightbox[3827]\"><img loading=\"lazy\" decoding=\"async\" class=\"alignright size-medium wp-image-3828\" title=\"julieta marucco\" src=\"http:\/\/enteculturalsantafesino.com.ar\/noticias\/wp-content\/uploads\/2012\/06\/julieta-marucco-199x300.jpg\" alt=\"\" width=\"199\" height=\"300\" srcset=\"http:\/\/enteculturalsantafesino.com.ar\/usina1\/wp-content\/uploads\/2012\/06\/julieta-marucco-199x300.jpg 199w, http:\/\/enteculturalsantafesino.com.ar\/usina1\/wp-content\/uploads\/2012\/06\/julieta-marucco.jpg 638w\" sizes=\"(max-width: 199px) 100vw, 199px\" \/><\/a><\/p>\n<p>una nueva presencia regional se har\u00e1 presente ante el jurado integrado por prestigiosos artistas y una importante audiencia. <em><strong>Julieta Marucco de Ca\u00f1ada de G\u00f3mez<\/strong><\/em> mostrar\u00e1 toda su capacidad art\u00edstica . La Regi\u00f3n est\u00e1 de fiesta y celebra estas posibilidades de difundir a nuestros valores. Suerte Julieta!!!<\/p>\n","protected":false},"excerpt":{"rendered":"<p>Esta noche durante la emisi\u00f3n del exitoso programa de Canal 13 \u00abSo\u00f1ando por Cantar\u00bb, una nueva presencia [&hellip;]<\/p>\n","protected":false},"author":3,"featured_media":0,"comment_status":"open","ping_status":"open","sticky":false,"template":"","format":"standard","meta":{"_jetpack_memberships_contains_paid_content":false,"footnotes":"","jetpack_publicize_message":"","jetpack_publicize_feature_enabled":true,"jetpack_social_post_already_shared":false,"jetpack_social_options":{"image_generator_settings":{"template":"highway","enabled":false}}},"categories":[1],"tags":[],"jetpack_publicize_connections":[],"jetpack_sharing_enabled":true,"jetpack_featured_media_url":"","_links":{"self":[{"href":"http:\/\/enteculturalsantafesino.com.ar\/usina1\/wp-json\/wp\/v2\/posts\/3827"}],"collection":[{"href":"http:\/\/enteculturalsantafesino.com.ar\/usina1\/wp-json\/wp\/v2\/posts"}],"about":[{"href":"http:\/\/enteculturalsantafesino.com.ar\/usina1\/wp-json\/wp\/v2\/types\/post"}],"author":[{"embeddable":true,"href":"http:\/\/enteculturalsantafesino.com.ar\/usina1\/wp-json\/wp\/v2\/users\/3"}],"replies":[{"embeddable":true,"href":"http:\/\/enteculturalsantafesino.com.ar\/usina1\/wp-json\/wp\/v2\/comments?post=3827"}],"version-history":[{"count":0,"href":"http:\/\/enteculturalsantafesino.com.ar\/usina1\/wp-json\/wp\/v2\/posts\/3827\/revisions"}],"wp:attachment":[{"href":"http:\/\/enteculturalsantafesino.com.ar\/usina1\/wp-json\/wp\/v2\/media?parent=3827"}],"wp:term":[{"taxonomy":"category","embeddable":true,"href":"http:\/\/enteculturalsantafesino.com.ar\/usina1\/wp-json\/wp\/v2\/categories?post=3827"},{"taxonomy":"post_tag","embeddable":true,"href":"http:\/\/enteculturalsantafesino.com.ar\/usina1\/wp-json\/wp\/v2\/tags?post=3827"}],"curies":[{"name":"wp","href":"https:\/\/api.w.org\/{rel}","templated":true}]}}