{"id":3831,"date":"2012-06-19T12:19:12","date_gmt":"2012-06-19T12:19:12","guid":{"rendered":"http:\/\/entecultura.com.ar\/noticias\/?p=3831"},"modified":"2012-06-19T12:19:12","modified_gmt":"2012-06-19T12:19:12","slug":"san-jorge-acto-20-de-junio","status":"publish","type":"post","link":"http:\/\/enteculturalsantafesino.com.ar\/usina1\/2012\/06\/san-jorge-acto-20-de-junio\/","title":{"rendered":"SAN JORGE: ACTO 20 DE JUNIO"},"content":{"rendered":"<p>La Municipalidad de San Jorge, invita a la poblaci\u00f3n al acto que se realizar\u00e1 en conmemoraci\u00f3n al <a href=\"http:\/\/enteculturalsantafesino.com.ar\/noticias\/wp-content\/uploads\/2012\/06\/bandera-sj.png\" rel=\"lightbox[3831]\"><img loading=\"lazy\" decoding=\"async\" class=\"alignright size-full wp-image-3832\" title=\"bandera sj\" src=\"http:\/\/enteculturalsantafesino.com.ar\/noticias\/wp-content\/uploads\/2012\/06\/bandera-sj.png\" alt=\"\" width=\"150\" height=\"119\" \/><\/a><\/p>\n<p>20 de Junio, \u201cD\u00eda de la Bandera\u201d. Alumnos de 4\u00ba grado de todas las Escuelas de la Ciudad, realizar\u00e1n su Promesa de Lealtad a nuestra Insignia Patria. El mismo se llevar\u00e1 a cabo hoy,\u00a0 martes 19 de junio de 2012, a las 10:00 horas, en Sal\u00f3n Sociedad Italiana.<\/p>\n","protected":false},"excerpt":{"rendered":"<p>La Municipalidad de San Jorge, invita a la poblaci\u00f3n al acto que se realizar\u00e1 en conmemoraci\u00f3n al [&hellip;]<\/p>\n","protected":false},"author":3,"featured_media":0,"comment_status":"open","ping_status":"open","sticky":false,"template":"","format":"standard","meta":{"_jetpack_memberships_contains_paid_content":false,"footnotes":"","jetpack_publicize_message":"","jetpack_publicize_feature_enabled":true,"jetpack_social_post_already_shared":false,"jetpack_social_options":{"image_generator_settings":{"template":"highway","enabled":false}}},"categories":[1],"tags":[],"jetpack_publicize_connections":[],"jetpack_sharing_enabled":true,"jetpack_featured_media_url":"","_links":{"self":[{"href":"http:\/\/enteculturalsantafesino.com.ar\/usina1\/wp-json\/wp\/v2\/posts\/3831"}],"collection":[{"href":"http:\/\/enteculturalsantafesino.com.ar\/usina1\/wp-json\/wp\/v2\/posts"}],"about":[{"href":"http:\/\/enteculturalsantafesino.com.ar\/usina1\/wp-json\/wp\/v2\/types\/post"}],"author":[{"embeddable":true,"href":"http:\/\/enteculturalsantafesino.com.ar\/usina1\/wp-json\/wp\/v2\/users\/3"}],"replies":[{"embeddable":true,"href":"http:\/\/enteculturalsantafesino.com.ar\/usina1\/wp-json\/wp\/v2\/comments?post=3831"}],"version-history":[{"count":0,"href":"http:\/\/enteculturalsantafesino.com.ar\/usina1\/wp-json\/wp\/v2\/posts\/3831\/revisions"}],"wp:attachment":[{"href":"http:\/\/enteculturalsantafesino.com.ar\/usina1\/wp-json\/wp\/v2\/media?parent=3831"}],"wp:term":[{"taxonomy":"category","embeddable":true,"href":"http:\/\/enteculturalsantafesino.com.ar\/usina1\/wp-json\/wp\/v2\/categories?post=3831"},{"taxonomy":"post_tag","embeddable":true,"href":"http:\/\/enteculturalsantafesino.com.ar\/usina1\/wp-json\/wp\/v2\/tags?post=3831"}],"curies":[{"name":"wp","href":"https:\/\/api.w.org\/{rel}","templated":true}]}}