{"id":3835,"date":"2012-06-19T12:22:36","date_gmt":"2012-06-19T12:22:36","guid":{"rendered":"http:\/\/entecultura.com.ar\/noticias\/?p=3835"},"modified":"2012-06-19T12:22:36","modified_gmt":"2012-06-19T12:22:36","slug":"san-jorge-american-pie-el-reencuentro","status":"publish","type":"post","link":"http:\/\/enteculturalsantafesino.com.ar\/usina1\/2012\/06\/san-jorge-american-pie-el-reencuentro\/","title":{"rendered":"SAN JORGE: \u00abAMERICAN PIE, EL REENCUENTRO\u00bb"},"content":{"rendered":"<p style=\"text-align: left;\">La Coordinadora de la Sala de Cine Olga Zubarry de la Municipalidad de San Jorge, informa<a href=\"http:\/\/enteculturalsantafesino.com.ar\/noticias\/wp-content\/uploads\/2012\/06\/CINE-SJ-NUE.jpg\" rel=\"lightbox[3835]\"><img loading=\"lazy\" decoding=\"async\" class=\"alignright size-full wp-image-3836\" title=\"CINE SJ NUE\" src=\"http:\/\/enteculturalsantafesino.com.ar\/noticias\/wp-content\/uploads\/2012\/06\/CINE-SJ-NUE.jpg\" alt=\"\" width=\"150\" height=\"107\" \/><\/a><\/p>\n<p style=\"text-align: left;\">\u00a0la programaci\u00f3n del fin de semana:\u00a0 <strong>AMERICAN PIE, EL RENCUENTRO<\/strong>.<\/p>\n<p style=\"text-align: left;\">\u00a0Jim, Michelle, Stifler y el resto de los amigos regresan a East Great Falls para participar en una reuni\u00f3n del colegio. Durante el esperado fin de semana descubrir\u00e1n qu\u00e9 y qui\u00e9n ha cambiado, qu\u00e9 y qui\u00e9n no, pero tambi\u00e9n que el paso del tiempo y la distancia no pueden con los lazos de la amistad.<\/p>\n<p style=\"text-align: left;\" align=\"center\">ACTORES: <a href=\"http:\/\/www.cinesargentinos.com.ar\/persona\/22032-jason-biggs\">Jason Biggs<\/a>, <a href=\"http:\/\/www.cinesargentinos.com.ar\/persona\/22033-alyson-hannigan\">Alyson Hannigan<\/a>, <a href=\"http:\/\/www.cinesargentinos.com.ar\/persona\/21497-seann-william-scott\">Seann William Scott<\/a>.<\/p>\n<p style=\"text-align: left;\" align=\"center\">ACTORES SECUNDARIOS: <a href=\"http:\/\/www.cinesargentinos.com.ar\/persona\/21299-chris-klein\">Chris Klein<\/a>, <a href=\"http:\/\/www.cinesargentinos.com.ar\/persona\/21739-tara-reid\">Tara Reid<\/a>, <a href=\"http:\/\/www.cinesargentinos.com.ar\/persona\/21652-mena-suvari\">Mena Suvari<\/a>, <a href=\"http:\/\/www.cinesargentinos.com.ar\/persona\/22412-eugene-levy\">Eugene Levy<\/a>, <a href=\"http:\/\/www.cinesargentinos.com.ar\/persona\/22872-jennifer-coolidge\">Jennifer Coolidge<\/a>.<\/p>\n<p style=\"text-align: left;\" align=\"center\">DIRECTOR: <a href=\"http:\/\/www.cinesargentinos.com.ar\/persona\/25248-jon-hurwitz\">Jon Hurwitz<\/a>, <a href=\"http:\/\/www.cinesargentinos.com.ar\/persona\/25249-hayden-schlossberg\">Hayden Schlossberg<\/a>.<\/p>\n<p style=\"text-align: left;\" align=\"center\">\u00a0GENERO: Comedia, Romance &#8211; DURACION: 113 Minutos \u2013 Apta mayores 16 a\u00f1os con reservas<\/p>\n<p style=\"text-align: left;\" align=\"center\"><strong>S\u00c1BADO 23\/06\u00a0 22:00\u00a0 $ 15.-<\/strong><\/p>\n<p style=\"text-align: left;\" align=\"center\"><strong>DOMINGO\u00a0 24\/06\u00a0 21:30\u00a0 $ 15.-<\/strong><\/p>\n<p style=\"text-align: left;\" align=\"center\"><strong>LUNES\u00a0 25\/06\u00a0 21:30\u00a0 $ 12.-<\/strong><\/p>\n<p style=\"text-align: left;\" align=\"center\">\u00a0<strong>LA BOLETER\u00cdA ABRIR\u00c1<\/strong><strong> UNA HORA ANTES DE CADA FUNCI\u00d3N<\/strong><\/p>\n<p style=\"text-align: left;\" align=\"center\">\u00a0Los esperamos en el cine. Muchas gracias.<\/p>\n","protected":false},"excerpt":{"rendered":"<p>La Coordinadora de la Sala de Cine Olga Zubarry de la Municipalidad de San Jorge, informa \u00a0la [&hellip;]<\/p>\n","protected":false},"author":3,"featured_media":0,"comment_status":"open","ping_status":"open","sticky":false,"template":"","format":"standard","meta":{"_jetpack_memberships_contains_paid_content":false,"footnotes":"","jetpack_publicize_message":"","jetpack_publicize_feature_enabled":true,"jetpack_social_post_already_shared":false,"jetpack_social_options":{"image_generator_settings":{"template":"highway","enabled":false}}},"categories":[1],"tags":[],"jetpack_publicize_connections":[],"jetpack_sharing_enabled":true,"jetpack_featured_media_url":"","_links":{"self":[{"href":"http:\/\/enteculturalsantafesino.com.ar\/usina1\/wp-json\/wp\/v2\/posts\/3835"}],"collection":[{"href":"http:\/\/enteculturalsantafesino.com.ar\/usina1\/wp-json\/wp\/v2\/posts"}],"about":[{"href":"http:\/\/enteculturalsantafesino.com.ar\/usina1\/wp-json\/wp\/v2\/types\/post"}],"author":[{"embeddable":true,"href":"http:\/\/enteculturalsantafesino.com.ar\/usina1\/wp-json\/wp\/v2\/users\/3"}],"replies":[{"embeddable":true,"href":"http:\/\/enteculturalsantafesino.com.ar\/usina1\/wp-json\/wp\/v2\/comments?post=3835"}],"version-history":[{"count":0,"href":"http:\/\/enteculturalsantafesino.com.ar\/usina1\/wp-json\/wp\/v2\/posts\/3835\/revisions"}],"wp:attachment":[{"href":"http:\/\/enteculturalsantafesino.com.ar\/usina1\/wp-json\/wp\/v2\/media?parent=3835"}],"wp:term":[{"taxonomy":"category","embeddable":true,"href":"http:\/\/enteculturalsantafesino.com.ar\/usina1\/wp-json\/wp\/v2\/categories?post=3835"},{"taxonomy":"post_tag","embeddable":true,"href":"http:\/\/enteculturalsantafesino.com.ar\/usina1\/wp-json\/wp\/v2\/tags?post=3835"}],"curies":[{"name":"wp","href":"https:\/\/api.w.org\/{rel}","templated":true}]}}