{"id":388,"date":"2011-08-11T20:46:30","date_gmt":"2011-08-11T20:46:30","guid":{"rendered":"http:\/\/entecultura.com.ar\/noticias\/?p=388"},"modified":"2011-08-11T20:46:30","modified_gmt":"2011-08-11T20:46:30","slug":"show-de-kermesse-gigante-en-canada-de-gomez","status":"publish","type":"post","link":"http:\/\/enteculturalsantafesino.com.ar\/usina1\/2011\/08\/show-de-kermesse-gigante-en-canada-de-gomez\/","title":{"rendered":"SHOW DE KERMESSE GIGANTE EN CA\u00d1ADA DE G\u00d3MEZ"},"content":{"rendered":"<p>El viernes 12 de agosto, en el marco de los festejos del Mes de los Ni\u00f1os, se presentar\u00e1 el Show de la Kermesse Gigante para los chicos de los Jardines de Infantes.La actividad organizada en el play\u00f3n de la Casa del Bicentenario ser\u00e1 a partir de las 14 horas con juegos, mu\u00f1ecos cabezudos, maquillaje art\u00edstico y show animado.<a href=\"http:\/\/enteculturalsantafesino.com.ar\/noticias\/wp-content\/uploads\/2011\/08\/muni-ca\u00f1ada-de-gomez2.jpg\" rel=\"lightbox[388]\"><img loading=\"lazy\" decoding=\"async\" class=\"alignright size-full wp-image-389\" title=\"muni ca\u00f1ada de gomez\" src=\"http:\/\/enteculturalsantafesino.com.ar\/noticias\/wp-content\/uploads\/2011\/08\/muni-ca\u00f1ada-de-gomez2.jpg\" alt=\"\" width=\"196\" height=\"256\" \/><\/a>Entrada libre y gratuita<\/p>\n<p>&nbsp;<\/p>\n<p>&nbsp;<\/p>\n","protected":false},"excerpt":{"rendered":"<p>El viernes 12 de agosto, en el marco de los festejos del Mes de los Ni\u00f1os, se [&hellip;]<\/p>\n","protected":false},"author":3,"featured_media":0,"comment_status":"open","ping_status":"open","sticky":false,"template":"","format":"standard","meta":{"_jetpack_memberships_contains_paid_content":false,"footnotes":"","jetpack_publicize_message":"","jetpack_publicize_feature_enabled":true,"jetpack_social_post_already_shared":false,"jetpack_social_options":{"image_generator_settings":{"template":"highway","enabled":false}}},"categories":[15,11],"tags":[],"jetpack_publicize_connections":[],"jetpack_sharing_enabled":true,"jetpack_featured_media_url":"","_links":{"self":[{"href":"http:\/\/enteculturalsantafesino.com.ar\/usina1\/wp-json\/wp\/v2\/posts\/388"}],"collection":[{"href":"http:\/\/enteculturalsantafesino.com.ar\/usina1\/wp-json\/wp\/v2\/posts"}],"about":[{"href":"http:\/\/enteculturalsantafesino.com.ar\/usina1\/wp-json\/wp\/v2\/types\/post"}],"author":[{"embeddable":true,"href":"http:\/\/enteculturalsantafesino.com.ar\/usina1\/wp-json\/wp\/v2\/users\/3"}],"replies":[{"embeddable":true,"href":"http:\/\/enteculturalsantafesino.com.ar\/usina1\/wp-json\/wp\/v2\/comments?post=388"}],"version-history":[{"count":0,"href":"http:\/\/enteculturalsantafesino.com.ar\/usina1\/wp-json\/wp\/v2\/posts\/388\/revisions"}],"wp:attachment":[{"href":"http:\/\/enteculturalsantafesino.com.ar\/usina1\/wp-json\/wp\/v2\/media?parent=388"}],"wp:term":[{"taxonomy":"category","embeddable":true,"href":"http:\/\/enteculturalsantafesino.com.ar\/usina1\/wp-json\/wp\/v2\/categories?post=388"},{"taxonomy":"post_tag","embeddable":true,"href":"http:\/\/enteculturalsantafesino.com.ar\/usina1\/wp-json\/wp\/v2\/tags?post=388"}],"curies":[{"name":"wp","href":"https:\/\/api.w.org\/{rel}","templated":true}]}}