{"id":391,"date":"2011-08-11T20:56:02","date_gmt":"2011-08-11T20:56:02","guid":{"rendered":"http:\/\/entecultura.com.ar\/noticias\/?p=391"},"modified":"2011-08-11T20:57:15","modified_gmt":"2011-08-11T20:57:15","slug":"artistas-para-las-parejas-2011","status":"publish","type":"post","link":"http:\/\/enteculturalsantafesino.com.ar\/usina1\/2011\/08\/artistas-para-las-parejas-2011\/","title":{"rendered":"ARTISTAS PARA LAS PAREJAS 2011"},"content":{"rendered":"<p><a href=\"http:\/\/enteculturalsantafesino.com.ar\/noticias\/wp-content\/uploads\/2011\/08\/las-parejas1.png\" rel=\"lightbox[391]\"><img loading=\"lazy\" decoding=\"async\" class=\"alignright size-full wp-image-396\" title=\"las parejas\" src=\"http:\/\/enteculturalsantafesino.com.ar\/noticias\/wp-content\/uploads\/2011\/08\/las-parejas1.png\" alt=\"\" width=\"219\" height=\"230\" \/><\/a>Ya estar\u00eda confirmada la programaci\u00f3n de la<br \/>\nedici\u00f3n 2011 de la Fiesta Pyme Las Parejas, que se realizar\u00e1 los d\u00edas 11, 12 y<br \/>\n13 de Noviembre.<br \/>\nEntre otros<br \/>\nartistas que conformar\u00edan la grilla, y estar\u00edan por firmar contrato dentro de<br \/>\nunos d\u00edas, se encuentran:<br \/>\nVIERNES<br \/>\n11 DE NOVIEMBRE:<br \/>\n*La Mancha de Rolando , para darle el perfil de noche joven con esta banda que tiene sus<br \/>\nadeptos a nivel nacional y varios hits en las radios.<br \/>\nSABADO 12 DE NOVIEMBRE:<br \/>\n*Los Huayras<br \/>\n*Cristian Amado<br \/>\nDOMINGO 13 DE NOVIEMBRE:<br \/>\n*Banda XXI, para aportarle el ritmo a la \u00faltima noche<br \/>\nde la fiesta.<\/p>\n","protected":false},"excerpt":{"rendered":"<p>Ya estar\u00eda confirmada la programaci\u00f3n de la edici\u00f3n 2011 de la Fiesta Pyme Las Parejas, que se [&hellip;]<\/p>\n","protected":false},"author":3,"featured_media":0,"comment_status":"open","ping_status":"open","sticky":false,"template":"","format":"standard","meta":{"_jetpack_memberships_contains_paid_content":false,"footnotes":"","jetpack_publicize_message":"","jetpack_publicize_feature_enabled":true,"jetpack_social_post_already_shared":false,"jetpack_social_options":{"image_generator_settings":{"template":"highway","enabled":false}}},"categories":[15,4,10],"tags":[],"jetpack_publicize_connections":[],"jetpack_sharing_enabled":true,"jetpack_featured_media_url":"","_links":{"self":[{"href":"http:\/\/enteculturalsantafesino.com.ar\/usina1\/wp-json\/wp\/v2\/posts\/391"}],"collection":[{"href":"http:\/\/enteculturalsantafesino.com.ar\/usina1\/wp-json\/wp\/v2\/posts"}],"about":[{"href":"http:\/\/enteculturalsantafesino.com.ar\/usina1\/wp-json\/wp\/v2\/types\/post"}],"author":[{"embeddable":true,"href":"http:\/\/enteculturalsantafesino.com.ar\/usina1\/wp-json\/wp\/v2\/users\/3"}],"replies":[{"embeddable":true,"href":"http:\/\/enteculturalsantafesino.com.ar\/usina1\/wp-json\/wp\/v2\/comments?post=391"}],"version-history":[{"count":0,"href":"http:\/\/enteculturalsantafesino.com.ar\/usina1\/wp-json\/wp\/v2\/posts\/391\/revisions"}],"wp:attachment":[{"href":"http:\/\/enteculturalsantafesino.com.ar\/usina1\/wp-json\/wp\/v2\/media?parent=391"}],"wp:term":[{"taxonomy":"category","embeddable":true,"href":"http:\/\/enteculturalsantafesino.com.ar\/usina1\/wp-json\/wp\/v2\/categories?post=391"},{"taxonomy":"post_tag","embeddable":true,"href":"http:\/\/enteculturalsantafesino.com.ar\/usina1\/wp-json\/wp\/v2\/tags?post=391"}],"curies":[{"name":"wp","href":"https:\/\/api.w.org\/{rel}","templated":true}]}}