{"id":400,"date":"2011-08-12T14:41:27","date_gmt":"2011-08-12T14:41:27","guid":{"rendered":"http:\/\/entecultura.com.ar\/noticias\/?p=400"},"modified":"2011-08-12T14:41:32","modified_gmt":"2011-08-12T14:41:32","slug":"se-presenta-el-libro-serenata-a-mi-lugar","status":"publish","type":"post","link":"http:\/\/enteculturalsantafesino.com.ar\/usina1\/2011\/08\/se-presenta-el-libro-serenata-a-mi-lugar\/","title":{"rendered":"SE PRESENTA EL LIBRO \u00abSERENATA A MI LUGAR\u00bb"},"content":{"rendered":"<div>La Municipalidad de El Tr\u00e9bol junto a La Biblioteca<br \/>\nPopular \u201cDomingo P\u00edccolo\u201d, llevar\u00e1n adelante la presentaci\u00f3n del libro:<br \/>\nAntolog\u00eda: \u201cSerenata a mi lugar\u201d.<a href=\"http:\/\/enteculturalsantafesino.com.ar\/noticias\/wp-content\/uploads\/2011\/08\/serenata-a-mi-lugar.jpg\" rel=\"lightbox[400]\"><img loading=\"lazy\" decoding=\"async\" class=\"alignright size-medium wp-image-401\" title=\"serenata a mi lugar\" src=\"http:\/\/enteculturalsantafesino.com.ar\/noticias\/wp-content\/uploads\/2011\/08\/serenata-a-mi-lugar-300x185.jpg\" alt=\"\" width=\"300\" height=\"185\" srcset=\"http:\/\/enteculturalsantafesino.com.ar\/usina1\/wp-content\/uploads\/2011\/08\/serenata-a-mi-lugar-300x185.jpg 300w, http:\/\/enteculturalsantafesino.com.ar\/usina1\/wp-content\/uploads\/2011\/08\/serenata-a-mi-lugar.jpg 650w\" sizes=\"(max-width: 300px) 100vw, 300px\" \/><\/a><br \/>\nEn el mismo, escribieron diez autores<br \/>\nlocales (Prologado por el escritor local Dar\u00edo Brocca -corresponsal de SALACLos autores del libro son Dar\u00edo Brocca, Kititi Bertaina, N\u00e9stor Musachi,<br \/>\nYamile Aphalo, Aidee Beltran, Mabel Burga, Editha Gaite, Silvia Luciano de<br \/>\nPrevero, Lidia Musachi y Marcela Nivello.<br \/>\nLa presentaci\u00f3n se llevar\u00e1 a<br \/>\ncabo el d\u00eda Viernes 12 de Agosto a las 19:30 hs. en las instalaciones de la<br \/>\nBiblioteca Popular \u201cDomingo P\u00edccolo\u201d.<br \/>\nLa edici\u00f3n de este material fue<br \/>\nauspiciado por la Senadora Cristina Berra, por este motivo los ejemplares ser\u00e1n<br \/>\nobsequiados y no puestos a la venta.<br \/>\nCerrando esta presentaci\u00f3n,<br \/>\nactuar\u00e1n las voces del YARAV\u00cd.<\/div>\n<div><em>Fuente: eltreboldigital<\/em><\/div>\n<p><!--Si cargamos una noticia, aca parseamos sus galerias de imagenes--><!--Si cargamos una noticia, aca parseamos sus galerias de imagenes--><!--Si cargamos una noticia, aca parseamos sus links relacionados-->&nbsp;<\/p>\n","protected":false},"excerpt":{"rendered":"<p>La Municipalidad de El Tr\u00e9bol junto a La Biblioteca Popular \u201cDomingo P\u00edccolo\u201d, llevar\u00e1n adelante la presentaci\u00f3n del [&hellip;]<\/p>\n","protected":false},"author":3,"featured_media":0,"comment_status":"open","ping_status":"open","sticky":false,"template":"","format":"standard","meta":{"_jetpack_memberships_contains_paid_content":false,"footnotes":"","jetpack_publicize_message":"","jetpack_publicize_feature_enabled":true,"jetpack_social_post_already_shared":false,"jetpack_social_options":{"image_generator_settings":{"template":"highway","enabled":false}}},"categories":[15,18,4],"tags":[],"jetpack_publicize_connections":[],"jetpack_sharing_enabled":true,"jetpack_featured_media_url":"","_links":{"self":[{"href":"http:\/\/enteculturalsantafesino.com.ar\/usina1\/wp-json\/wp\/v2\/posts\/400"}],"collection":[{"href":"http:\/\/enteculturalsantafesino.com.ar\/usina1\/wp-json\/wp\/v2\/posts"}],"about":[{"href":"http:\/\/enteculturalsantafesino.com.ar\/usina1\/wp-json\/wp\/v2\/types\/post"}],"author":[{"embeddable":true,"href":"http:\/\/enteculturalsantafesino.com.ar\/usina1\/wp-json\/wp\/v2\/users\/3"}],"replies":[{"embeddable":true,"href":"http:\/\/enteculturalsantafesino.com.ar\/usina1\/wp-json\/wp\/v2\/comments?post=400"}],"version-history":[{"count":0,"href":"http:\/\/enteculturalsantafesino.com.ar\/usina1\/wp-json\/wp\/v2\/posts\/400\/revisions"}],"wp:attachment":[{"href":"http:\/\/enteculturalsantafesino.com.ar\/usina1\/wp-json\/wp\/v2\/media?parent=400"}],"wp:term":[{"taxonomy":"category","embeddable":true,"href":"http:\/\/enteculturalsantafesino.com.ar\/usina1\/wp-json\/wp\/v2\/categories?post=400"},{"taxonomy":"post_tag","embeddable":true,"href":"http:\/\/enteculturalsantafesino.com.ar\/usina1\/wp-json\/wp\/v2\/tags?post=400"}],"curies":[{"name":"wp","href":"https:\/\/api.w.org\/{rel}","templated":true}]}}