{"id":408,"date":"2011-08-12T21:45:14","date_gmt":"2011-08-12T21:45:14","guid":{"rendered":"http:\/\/entecultura.com.ar\/noticias\/?p=408"},"modified":"2011-08-12T21:45:14","modified_gmt":"2011-08-12T21:45:14","slug":"proyeccion-del-documental-heavy-mental-metal-pesado","status":"publish","type":"post","link":"http:\/\/enteculturalsantafesino.com.ar\/usina1\/2011\/08\/proyeccion-del-documental-heavy-mental-metal-pesado\/","title":{"rendered":"PROYECCI\u00d3N DEL DOCUMENTAL HEAVY MENTAL, METAL PESADO"},"content":{"rendered":"<p>La Municipalidad de Ca\u00f1ada de G\u00f3mez invita a los<br \/>\nj\u00f3venes a la proyecci\u00f3n del documental \u201cHeavy Mental, Metal Pesado\u201d del<br \/>\nComunicador Social cordob\u00e9s Juan Astrain, que se presentar\u00e1 el viernes 12 de<br \/>\nagosto, a las 21.30 horas, en el Centro de la Juventud,Espa\u00f1a y 7 de <a href=\"http:\/\/enteculturalsantafesino.com.ar\/noticias\/wp-content\/uploads\/2011\/08\/AFICHE-DOCUMENTAL-HEAVY-METAL.jpg\" rel=\"lightbox[408]\"><img loading=\"lazy\" decoding=\"async\" class=\"alignright size-medium wp-image-409\" title=\"AFICHE DOCUMENTAL HEAVY METAL\" src=\"http:\/\/enteculturalsantafesino.com.ar\/noticias\/wp-content\/uploads\/2011\/08\/AFICHE-DOCUMENTAL-HEAVY-METAL-181x300.jpg\" alt=\"\" width=\"181\" height=\"300\" srcset=\"http:\/\/enteculturalsantafesino.com.ar\/usina1\/wp-content\/uploads\/2011\/08\/AFICHE-DOCUMENTAL-HEAVY-METAL-181x300.jpg 181w, http:\/\/enteculturalsantafesino.com.ar\/usina1\/wp-content\/uploads\/2011\/08\/AFICHE-DOCUMENTAL-HEAVY-METAL.jpg 194w\" sizes=\"(max-width: 181px) 100vw, 181px\" \/><\/a><br \/>\nOctubre.<br \/>\nHeavy Mental, Metal<br \/>\nPensado es un viaje por la historia del movimiento pesado del rock con<br \/>\ntestimonios e im\u00e1genes in\u00e9ditas de sus protagonistas.<br \/>\nSus or\u00edgenes, la expresi\u00f3n Argentina y su anclaje en<br \/>\nC\u00f3rdoba, transitando por la reflexi\u00f3n de los valores del heavy desde sus actores<br \/>\ninvolucrados,<br \/>\nacompa\u00f1ado por el<br \/>\nseguimiento vivencial del autor.<\/p>\n<p>Juan Astrain es un estudiante de Comunicaci\u00f3n Social<br \/>\nque present\u00f3 como tesis un documental cuyo tema es una de sus desbordantes<br \/>\npasiones: el metal. Lo bueno del caso es que, m\u00e1s all\u00e1 de las valoraciones<br \/>\nacad\u00e9micas que se hagan, el material resulta riguroso a la hora de contar una<br \/>\nhistoria del heavy en combusti\u00f3n con el devenir nacional e internacional del<br \/>\ng\u00e9nero.<\/p>\n<p>Entrada libre y<br \/>\ngratuita<\/p>\n","protected":false},"excerpt":{"rendered":"<p>La Municipalidad de Ca\u00f1ada de G\u00f3mez invita a los j\u00f3venes a la proyecci\u00f3n del documental \u201cHeavy Mental, [&hellip;]<\/p>\n","protected":false},"author":3,"featured_media":0,"comment_status":"open","ping_status":"open","sticky":false,"template":"","format":"standard","meta":{"_jetpack_memberships_contains_paid_content":false,"footnotes":"","jetpack_publicize_message":"","jetpack_publicize_feature_enabled":true,"jetpack_social_post_already_shared":false,"jetpack_social_options":{"image_generator_settings":{"template":"highway","enabled":false}}},"categories":[15,11,4],"tags":[],"jetpack_publicize_connections":[],"jetpack_sharing_enabled":true,"jetpack_featured_media_url":"","_links":{"self":[{"href":"http:\/\/enteculturalsantafesino.com.ar\/usina1\/wp-json\/wp\/v2\/posts\/408"}],"collection":[{"href":"http:\/\/enteculturalsantafesino.com.ar\/usina1\/wp-json\/wp\/v2\/posts"}],"about":[{"href":"http:\/\/enteculturalsantafesino.com.ar\/usina1\/wp-json\/wp\/v2\/types\/post"}],"author":[{"embeddable":true,"href":"http:\/\/enteculturalsantafesino.com.ar\/usina1\/wp-json\/wp\/v2\/users\/3"}],"replies":[{"embeddable":true,"href":"http:\/\/enteculturalsantafesino.com.ar\/usina1\/wp-json\/wp\/v2\/comments?post=408"}],"version-history":[{"count":0,"href":"http:\/\/enteculturalsantafesino.com.ar\/usina1\/wp-json\/wp\/v2\/posts\/408\/revisions"}],"wp:attachment":[{"href":"http:\/\/enteculturalsantafesino.com.ar\/usina1\/wp-json\/wp\/v2\/media?parent=408"}],"wp:term":[{"taxonomy":"category","embeddable":true,"href":"http:\/\/enteculturalsantafesino.com.ar\/usina1\/wp-json\/wp\/v2\/categories?post=408"},{"taxonomy":"post_tag","embeddable":true,"href":"http:\/\/enteculturalsantafesino.com.ar\/usina1\/wp-json\/wp\/v2\/tags?post=408"}],"curies":[{"name":"wp","href":"https:\/\/api.w.org\/{rel}","templated":true}]}}