{"id":412,"date":"2011-08-13T05:16:08","date_gmt":"2011-08-13T05:16:08","guid":{"rendered":"http:\/\/entecultura.com.ar\/noticias\/?p=412"},"modified":"2011-08-13T05:16:08","modified_gmt":"2011-08-13T05:16:08","slug":"muestra-en-el-m-a-c-de-canada-de-gomez","status":"publish","type":"post","link":"http:\/\/enteculturalsantafesino.com.ar\/usina1\/2011\/08\/muestra-en-el-m-a-c-de-canada-de-gomez\/","title":{"rendered":"MUESTRA EN EL M.A.C. DE CA\u00d1ADA DE G\u00d3MEZ"},"content":{"rendered":"<p>La\u00a0 Municipalidad de Ca\u00f1ada de G\u00f3mez invita a la comunidad a la inauguraci\u00f3n de la muestra: \u201cEl Tango Argentino\u201d, heliocopias de H\u00e9ctor Pereyra.La misma quedar\u00e1 habilitada el viernes 19 de agosto, a las 20 horas, en el MAC. La muestra podr\u00e1 visitarse hasta el 12 de septiembre todos los viernes, s\u00e1bados, domingos y feriados de 16 a 19 horas en el MAC, Bv. L\u00f3pez 920.<a href=\"http:\/\/enteculturalsantafesino.com.ar\/noticias\/wp-content\/uploads\/2011\/08\/pinturas-en-el-mac.png\" rel=\"lightbox[412]\"><img loading=\"lazy\" decoding=\"async\" class=\"alignright size-medium wp-image-413\" title=\"pinturas en el mac\" src=\"http:\/\/enteculturalsantafesino.com.ar\/noticias\/wp-content\/uploads\/2011\/08\/pinturas-en-el-mac-126x300.png\" alt=\"\" width=\"126\" height=\"300\" srcset=\"http:\/\/enteculturalsantafesino.com.ar\/usina1\/wp-content\/uploads\/2011\/08\/pinturas-en-el-mac-126x300.png 126w, http:\/\/enteculturalsantafesino.com.ar\/usina1\/wp-content\/uploads\/2011\/08\/pinturas-en-el-mac.png 210w\" sizes=\"(max-width: 126px) 100vw, 126px\" \/><\/a>Entrada libre y gratuita.<\/p>\n","protected":false},"excerpt":{"rendered":"<p>La\u00a0 Municipalidad de Ca\u00f1ada de G\u00f3mez invita a la comunidad a la inauguraci\u00f3n de la muestra: \u201cEl [&hellip;]<\/p>\n","protected":false},"author":3,"featured_media":0,"comment_status":"open","ping_status":"open","sticky":false,"template":"","format":"standard","meta":{"_jetpack_memberships_contains_paid_content":false,"footnotes":"","jetpack_publicize_message":"","jetpack_publicize_feature_enabled":true,"jetpack_social_post_already_shared":false,"jetpack_social_options":{"image_generator_settings":{"template":"highway","enabled":false}}},"categories":[15,11,4],"tags":[],"jetpack_publicize_connections":[],"jetpack_sharing_enabled":true,"jetpack_featured_media_url":"","_links":{"self":[{"href":"http:\/\/enteculturalsantafesino.com.ar\/usina1\/wp-json\/wp\/v2\/posts\/412"}],"collection":[{"href":"http:\/\/enteculturalsantafesino.com.ar\/usina1\/wp-json\/wp\/v2\/posts"}],"about":[{"href":"http:\/\/enteculturalsantafesino.com.ar\/usina1\/wp-json\/wp\/v2\/types\/post"}],"author":[{"embeddable":true,"href":"http:\/\/enteculturalsantafesino.com.ar\/usina1\/wp-json\/wp\/v2\/users\/3"}],"replies":[{"embeddable":true,"href":"http:\/\/enteculturalsantafesino.com.ar\/usina1\/wp-json\/wp\/v2\/comments?post=412"}],"version-history":[{"count":0,"href":"http:\/\/enteculturalsantafesino.com.ar\/usina1\/wp-json\/wp\/v2\/posts\/412\/revisions"}],"wp:attachment":[{"href":"http:\/\/enteculturalsantafesino.com.ar\/usina1\/wp-json\/wp\/v2\/media?parent=412"}],"wp:term":[{"taxonomy":"category","embeddable":true,"href":"http:\/\/enteculturalsantafesino.com.ar\/usina1\/wp-json\/wp\/v2\/categories?post=412"},{"taxonomy":"post_tag","embeddable":true,"href":"http:\/\/enteculturalsantafesino.com.ar\/usina1\/wp-json\/wp\/v2\/tags?post=412"}],"curies":[{"name":"wp","href":"https:\/\/api.w.org\/{rel}","templated":true}]}}