{"id":416,"date":"2011-08-13T05:36:35","date_gmt":"2011-08-13T05:36:35","guid":{"rendered":"http:\/\/entecultura.com.ar\/noticias\/?p=416"},"modified":"2011-08-13T05:36:35","modified_gmt":"2011-08-13T05:36:35","slug":"la-subsecretaria-de-cultura-de-san-jorge-invita","status":"publish","type":"post","link":"http:\/\/enteculturalsantafesino.com.ar\/usina1\/2011\/08\/la-subsecretaria-de-cultura-de-san-jorge-invita\/","title":{"rendered":"LA SUBSECRETAR\u00cdA DE CULTURA DE SAN JORGE INVITA"},"content":{"rendered":"<p><a href=\"http:\/\/enteculturalsantafesino.com.ar\/noticias\/wp-content\/uploads\/2011\/08\/cultura-san-jorge2.jpg\" rel=\"lightbox[416]\"><img loading=\"lazy\" decoding=\"async\" class=\"alignright size-full wp-image-417\" title=\"cultura san jorge\" src=\"http:\/\/enteculturalsantafesino.com.ar\/noticias\/wp-content\/uploads\/2011\/08\/cultura-san-jorge2.jpg\" alt=\"\" width=\"120\" height=\"73\" \/><\/a>La Subsecretar\u00eda de Cultura de la Municipalidad de San Jorge invita a la poblaci\u00f3n al Acto Oficial que se realizar\u00e1 en conmemoraci\u00f3n al 161\u00ba Aniversario del Fallecimiento del General Don Jos\u00e9 de San Mart\u00edn. El mismo se llevar\u00e1 a cabo el d\u00eda mi\u00e9rcoles 17 de agosto, a las 10:00 horas, en el Complejo Cultural Municipal. <span style=\"text-decoration: underline;\">Organiza:<\/span> Centros Culturales Escolares Sanmartinianos &#8211; Asociaci\u00f3n Cultural Sanmartiniana &#8211; Municipalidad de San Jorge<\/p>\n","protected":false},"excerpt":{"rendered":"<p>La Subsecretar\u00eda de Cultura de la Municipalidad de San Jorge invita a la poblaci\u00f3n al Acto Oficial [&hellip;]<\/p>\n","protected":false},"author":3,"featured_media":0,"comment_status":"open","ping_status":"open","sticky":false,"template":"","format":"standard","meta":{"_jetpack_memberships_contains_paid_content":false,"footnotes":"","jetpack_publicize_message":"","jetpack_publicize_feature_enabled":true,"jetpack_social_post_already_shared":false,"jetpack_social_options":{"image_generator_settings":{"template":"highway","enabled":false}}},"categories":[15,4,16],"tags":[],"jetpack_publicize_connections":[],"jetpack_sharing_enabled":true,"jetpack_featured_media_url":"","_links":{"self":[{"href":"http:\/\/enteculturalsantafesino.com.ar\/usina1\/wp-json\/wp\/v2\/posts\/416"}],"collection":[{"href":"http:\/\/enteculturalsantafesino.com.ar\/usina1\/wp-json\/wp\/v2\/posts"}],"about":[{"href":"http:\/\/enteculturalsantafesino.com.ar\/usina1\/wp-json\/wp\/v2\/types\/post"}],"author":[{"embeddable":true,"href":"http:\/\/enteculturalsantafesino.com.ar\/usina1\/wp-json\/wp\/v2\/users\/3"}],"replies":[{"embeddable":true,"href":"http:\/\/enteculturalsantafesino.com.ar\/usina1\/wp-json\/wp\/v2\/comments?post=416"}],"version-history":[{"count":0,"href":"http:\/\/enteculturalsantafesino.com.ar\/usina1\/wp-json\/wp\/v2\/posts\/416\/revisions"}],"wp:attachment":[{"href":"http:\/\/enteculturalsantafesino.com.ar\/usina1\/wp-json\/wp\/v2\/media?parent=416"}],"wp:term":[{"taxonomy":"category","embeddable":true,"href":"http:\/\/enteculturalsantafesino.com.ar\/usina1\/wp-json\/wp\/v2\/categories?post=416"},{"taxonomy":"post_tag","embeddable":true,"href":"http:\/\/enteculturalsantafesino.com.ar\/usina1\/wp-json\/wp\/v2\/tags?post=416"}],"curies":[{"name":"wp","href":"https:\/\/api.w.org\/{rel}","templated":true}]}}