{"id":4431,"date":"2012-07-13T16:54:53","date_gmt":"2012-07-13T16:54:53","guid":{"rendered":"http:\/\/entecultura.com.ar\/noticias\/?p=4431"},"modified":"2012-07-13T16:54:53","modified_gmt":"2012-07-13T16:54:53","slug":"convocatoria-carlos-pellegrinisu-presente","status":"publish","type":"post","link":"http:\/\/enteculturalsantafesino.com.ar\/usina1\/2012\/07\/convocatoria-carlos-pellegrinisu-presente\/","title":{"rendered":"CONVOCATORIA: \u00abCARLOS PELLEGRINI,SU PRESENTE\u00bb"},"content":{"rendered":"<p>La<strong> <\/strong>Secretar\u00eda de Educaci\u00f3n y Cultura de la Comuna Local, Prof. Catalina Serdarevich,\u00a0<a href=\"http:\/\/enteculturalsantafesino.com.ar\/noticias\/wp-content\/uploads\/2012\/07\/pellegrini.png\" rel=\"lightbox[4431]\"><img loading=\"lazy\" decoding=\"async\" class=\"alignright size-full wp-image-4432\" title=\"pellegrini\" src=\"http:\/\/enteculturalsantafesino.com.ar\/noticias\/wp-content\/uploads\/2012\/07\/pellegrini.png\" alt=\"\" width=\"190\" height=\"143\" \/><\/a><\/p>\n<p>conjuntamente con las Bibliotecas Populares de la localidad Jos\u00e9 M. Estrada y Jos\u00e9 M\u00e1rmol <strong>convocan a residentes y ex residentes pellegrinenses a participar del Concurso Literario Poes\u00eda canci\u00f3n \u201cCarlos Pellegrini, su presente\u201d<\/strong>.<br \/>\n<span style=\"text-decoration: underline;\"><strong>Bases<\/strong><\/span> <span style=\"text-decoration: underline;\">1-Participantes<\/span> &#8230; El certamen est\u00e1 abierto a todas las personas \u2013j\u00f3venes y adultas \u2013 a partir de los 18 a\u00f1os de edad, en forma individual, de cualquier sexo y edad, residentes o ex residentes pellegrinenses-<br \/>\n<span style=\"text-decoration: underline;\">2- Tipo de trabajo<\/span> Poes\u00eda \u2013 canci\u00f3n referida a \u201cCarlos Pellegrini, su presente\u201d<br \/>\n<span style=\"text-decoration: underline;\">3-Normas de presentaci\u00f3n<\/span> Deber\u00e1 ser presentada preferentemente escrita en computadora o en letra imprenta bien legible, en hoja A4 y a simple espacio.<br \/>\n<span style=\"text-decoration: underline;\">4-Formas de presentaci\u00f3n<\/span> Cada participante podr\u00e1 enviar m\u00e1s de una poes\u00eda \u2013 canci\u00f3n en dos sobres: A) En el sobre grande; la o las poes\u00edas y el seud\u00f3nimo elegido para tal fin. B) En el sobre chico, que deber\u00e1 estar cerrado y con el seud\u00f3nimo claramente escrito en la parte de afuera, escribir los datos del autor: Nombre y apellido, N\u00ba de documento, domicilio y tel\u00e9fono. <span style=\"text-decoration: underline;\">5-Lugar de presentaci\u00f3n de los trabajos<\/span> Deber\u00e1n ser presentados hasta el 31 de julio inclusive, en las Bibliotecas Populares de la localidad o v\u00eda mail <strong>bibliomarmol@live.com<\/strong> y <strong>josemanuel_estrada@hotmail.com.<\/strong> Durante las fiestas patronales se dar\u00e1 a conocer el nombre del ganador.<br \/>\n<span style=\"text-decoration: underline;\">6-Jurado<\/span> Para la evaluaci\u00f3n de los trabajos se integrar\u00e1 un jurado conformado por tres personas. El fallo del mismo ser\u00e1 inapelable.<br \/>\n<span style=\"text-decoration: underline;\">7-Premio<\/span> Se premiar\u00e1 al ganador con la grabaci\u00f3n de la poes\u00eda \u2013 canci\u00f3n, la difusi\u00f3n de los CD correspondientes en los medios radiales y televisivos, tambi\u00e9n en actos locales.<br \/>\n<span style=\"text-decoration: underline;\">8-Observaciones<\/span> La participaci\u00f3n en el certamen implica la aceptaci\u00f3n de estas bases en todos sus t\u00e9rminos.<br \/>\nToda cuesti\u00f3n no contemplada en los puntos anteriores, ser\u00e1 dirimida por los organizadores de esta convocatoria.<\/p>\n","protected":false},"excerpt":{"rendered":"<p>La Secretar\u00eda de Educaci\u00f3n y Cultura de la Comuna Local, Prof. Catalina Serdarevich,\u00a0 conjuntamente con las Bibliotecas [&hellip;]<\/p>\n","protected":false},"author":3,"featured_media":0,"comment_status":"open","ping_status":"open","sticky":false,"template":"","format":"standard","meta":{"_jetpack_memberships_contains_paid_content":false,"footnotes":"","jetpack_publicize_message":"","jetpack_publicize_feature_enabled":true,"jetpack_social_post_already_shared":false,"jetpack_social_options":{"image_generator_settings":{"template":"highway","enabled":false}}},"categories":[1],"tags":[],"jetpack_publicize_connections":[],"jetpack_sharing_enabled":true,"jetpack_featured_media_url":"","_links":{"self":[{"href":"http:\/\/enteculturalsantafesino.com.ar\/usina1\/wp-json\/wp\/v2\/posts\/4431"}],"collection":[{"href":"http:\/\/enteculturalsantafesino.com.ar\/usina1\/wp-json\/wp\/v2\/posts"}],"about":[{"href":"http:\/\/enteculturalsantafesino.com.ar\/usina1\/wp-json\/wp\/v2\/types\/post"}],"author":[{"embeddable":true,"href":"http:\/\/enteculturalsantafesino.com.ar\/usina1\/wp-json\/wp\/v2\/users\/3"}],"replies":[{"embeddable":true,"href":"http:\/\/enteculturalsantafesino.com.ar\/usina1\/wp-json\/wp\/v2\/comments?post=4431"}],"version-history":[{"count":0,"href":"http:\/\/enteculturalsantafesino.com.ar\/usina1\/wp-json\/wp\/v2\/posts\/4431\/revisions"}],"wp:attachment":[{"href":"http:\/\/enteculturalsantafesino.com.ar\/usina1\/wp-json\/wp\/v2\/media?parent=4431"}],"wp:term":[{"taxonomy":"category","embeddable":true,"href":"http:\/\/enteculturalsantafesino.com.ar\/usina1\/wp-json\/wp\/v2\/categories?post=4431"},{"taxonomy":"post_tag","embeddable":true,"href":"http:\/\/enteculturalsantafesino.com.ar\/usina1\/wp-json\/wp\/v2\/tags?post=4431"}],"curies":[{"name":"wp","href":"https:\/\/api.w.org\/{rel}","templated":true}]}}