{"id":4436,"date":"2012-07-13T17:08:18","date_gmt":"2012-07-13T17:08:18","guid":{"rendered":"http:\/\/entecultura.com.ar\/noticias\/?p=4436"},"modified":"2012-07-13T17:08:18","modified_gmt":"2012-07-13T17:08:18","slug":"llego-la-muestra-de-rocambole-a-correa","status":"publish","type":"post","link":"http:\/\/enteculturalsantafesino.com.ar\/usina1\/2012\/07\/llego-la-muestra-de-rocambole-a-correa\/","title":{"rendered":"\u00abLLEG\u00d3 LA MUESTRA DE ROCAMBOLE A CORREA\u00bb"},"content":{"rendered":"<div>As\u00ed nos informaba Mariano Villarruel, quien junto a los integrantes del <a href=\"http:\/\/enteculturalsantafesino.com.ar\/noticias\/wp-content\/uploads\/2012\/07\/luzbelitp.jpg\" rel=\"lightbox[4436]\"><img loading=\"lazy\" decoding=\"async\" class=\"alignright size-medium wp-image-4437\" title=\"luzbelitp\" src=\"http:\/\/enteculturalsantafesino.com.ar\/noticias\/wp-content\/uploads\/2012\/07\/luzbelitp-300x225.jpg\" alt=\"\" width=\"300\" height=\"225\" srcset=\"http:\/\/enteculturalsantafesino.com.ar\/usina1\/wp-content\/uploads\/2012\/07\/luzbelitp-300x225.jpg 300w, http:\/\/enteculturalsantafesino.com.ar\/usina1\/wp-content\/uploads\/2012\/07\/luzbelitp.jpg 960w\" sizes=\"(max-width: 300px) 100vw, 300px\" \/><\/a><\/div>\n<div>Concejo de Cultura y Educaci\u00f3n de Correa, se encuentran preparando todo para habilitar la Muestra de este prestigioso artista. Este artista pl\u00e1stico, dise\u00f1ador gr\u00e1fico y profesor de Bellas Artes e<strong>star\u00e1 en la Biblioteca Popular\u00a0 de Correa a partir de las 18hs. del s\u00e1bado 14 de julio.<\/strong> A trav\u00e9s de las gestiones llevadas a cabo por el Concejo de Cultura y Educaci\u00f3n de esa localidad, se generar\u00e1 uno de los eventos m\u00e1s importantes del a\u00f1o en la regi\u00f3n para los Artistas Pl\u00e1sticos, Escultores y amantes de la parte gr\u00e1fica de Patricio Rey y sus Redonditos de Ricota.<\/div>\n","protected":false},"excerpt":{"rendered":"<p>As\u00ed nos informaba Mariano Villarruel, quien junto a los integrantes del Concejo de Cultura y Educaci\u00f3n de [&hellip;]<\/p>\n","protected":false},"author":3,"featured_media":0,"comment_status":"open","ping_status":"open","sticky":false,"template":"","format":"standard","meta":{"_jetpack_memberships_contains_paid_content":false,"footnotes":"","jetpack_publicize_message":"","jetpack_publicize_feature_enabled":true,"jetpack_social_post_already_shared":false,"jetpack_social_options":{"image_generator_settings":{"template":"highway","enabled":false}}},"categories":[1],"tags":[],"jetpack_publicize_connections":[],"jetpack_sharing_enabled":true,"jetpack_featured_media_url":"","_links":{"self":[{"href":"http:\/\/enteculturalsantafesino.com.ar\/usina1\/wp-json\/wp\/v2\/posts\/4436"}],"collection":[{"href":"http:\/\/enteculturalsantafesino.com.ar\/usina1\/wp-json\/wp\/v2\/posts"}],"about":[{"href":"http:\/\/enteculturalsantafesino.com.ar\/usina1\/wp-json\/wp\/v2\/types\/post"}],"author":[{"embeddable":true,"href":"http:\/\/enteculturalsantafesino.com.ar\/usina1\/wp-json\/wp\/v2\/users\/3"}],"replies":[{"embeddable":true,"href":"http:\/\/enteculturalsantafesino.com.ar\/usina1\/wp-json\/wp\/v2\/comments?post=4436"}],"version-history":[{"count":0,"href":"http:\/\/enteculturalsantafesino.com.ar\/usina1\/wp-json\/wp\/v2\/posts\/4436\/revisions"}],"wp:attachment":[{"href":"http:\/\/enteculturalsantafesino.com.ar\/usina1\/wp-json\/wp\/v2\/media?parent=4436"}],"wp:term":[{"taxonomy":"category","embeddable":true,"href":"http:\/\/enteculturalsantafesino.com.ar\/usina1\/wp-json\/wp\/v2\/categories?post=4436"},{"taxonomy":"post_tag","embeddable":true,"href":"http:\/\/enteculturalsantafesino.com.ar\/usina1\/wp-json\/wp\/v2\/tags?post=4436"}],"curies":[{"name":"wp","href":"https:\/\/api.w.org\/{rel}","templated":true}]}}