{"id":4440,"date":"2012-07-13T17:14:22","date_gmt":"2012-07-13T17:14:22","guid":{"rendered":"http:\/\/entecultura.com.ar\/noticias\/?p=4440"},"modified":"2012-07-13T17:14:22","modified_gmt":"2012-07-13T17:14:22","slug":"canada-de-gomez-encuentro-internacional-de-escultores","status":"publish","type":"post","link":"http:\/\/enteculturalsantafesino.com.ar\/usina1\/2012\/07\/canada-de-gomez-encuentro-internacional-de-escultores\/","title":{"rendered":"CA\u00d1ADA DE G\u00d3MEZ: ENCUENTRO INTERNACIONAL DE ESCULTORES"},"content":{"rendered":"<table width=\"475\" border=\"0\" bgcolor=\"#ffffff\">\n<tbody>\n<tr>\n<td align=\"left\"><strong>Ca\u00f1ada ser\u00e1 sede de la <a href=\"http:\/\/enteculturalsantafesino.com.ar\/noticias\/wp-content\/uploads\/2012\/07\/ESCULTORES-CA\u00d1ADA.png\" rel=\"lightbox[4440]\"><img loading=\"lazy\" decoding=\"async\" class=\"alignright size-medium wp-image-4441\" title=\"ESCULTORES CA\u00d1ADA\" src=\"http:\/\/enteculturalsantafesino.com.ar\/noticias\/wp-content\/uploads\/2012\/07\/ESCULTORES-CA\u00d1ADA-300x164.png\" alt=\"\" width=\"300\" height=\"164\" srcset=\"http:\/\/enteculturalsantafesino.com.ar\/usina1\/wp-content\/uploads\/2012\/07\/ESCULTORES-CA\u00d1ADA-300x164.png 300w, http:\/\/enteculturalsantafesino.com.ar\/usina1\/wp-content\/uploads\/2012\/07\/ESCULTORES-CA\u00d1ADA.png 465w\" sizes=\"(max-width: 300px) 100vw, 300px\" \/><\/a><\/strong><\/p>\n<p><strong>s\u00e9ptima edici\u00f3n del encuentro, del 18 a 28 de julio, dividido en dos etapas, a desarrollarse en la escuela Pedro Re\u00fcn y en Balcarce y Marconi, respectivamente.<\/strong><\/td>\n<\/tr>\n<tr>\n<td id=\"cuerpo\" align=\"left\">El municipio invita al 7\u00ba Encuentro Internacional de Escultores, en la modalidad in situ y utilizando materiales no convencionales.<\/td>\n<\/tr>\n<\/tbody>\n<\/table>\n","protected":false},"excerpt":{"rendered":"<p>Ca\u00f1ada ser\u00e1 sede de la s\u00e9ptima edici\u00f3n del encuentro, del 18 a 28 de julio, dividido en [&hellip;]<\/p>\n","protected":false},"author":3,"featured_media":0,"comment_status":"open","ping_status":"open","sticky":false,"template":"","format":"standard","meta":{"_jetpack_memberships_contains_paid_content":false,"footnotes":"","jetpack_publicize_message":"","jetpack_publicize_feature_enabled":true,"jetpack_social_post_already_shared":false,"jetpack_social_options":{"image_generator_settings":{"template":"highway","enabled":false}}},"categories":[1],"tags":[],"jetpack_publicize_connections":[],"jetpack_sharing_enabled":true,"jetpack_featured_media_url":"","_links":{"self":[{"href":"http:\/\/enteculturalsantafesino.com.ar\/usina1\/wp-json\/wp\/v2\/posts\/4440"}],"collection":[{"href":"http:\/\/enteculturalsantafesino.com.ar\/usina1\/wp-json\/wp\/v2\/posts"}],"about":[{"href":"http:\/\/enteculturalsantafesino.com.ar\/usina1\/wp-json\/wp\/v2\/types\/post"}],"author":[{"embeddable":true,"href":"http:\/\/enteculturalsantafesino.com.ar\/usina1\/wp-json\/wp\/v2\/users\/3"}],"replies":[{"embeddable":true,"href":"http:\/\/enteculturalsantafesino.com.ar\/usina1\/wp-json\/wp\/v2\/comments?post=4440"}],"version-history":[{"count":0,"href":"http:\/\/enteculturalsantafesino.com.ar\/usina1\/wp-json\/wp\/v2\/posts\/4440\/revisions"}],"wp:attachment":[{"href":"http:\/\/enteculturalsantafesino.com.ar\/usina1\/wp-json\/wp\/v2\/media?parent=4440"}],"wp:term":[{"taxonomy":"category","embeddable":true,"href":"http:\/\/enteculturalsantafesino.com.ar\/usina1\/wp-json\/wp\/v2\/categories?post=4440"},{"taxonomy":"post_tag","embeddable":true,"href":"http:\/\/enteculturalsantafesino.com.ar\/usina1\/wp-json\/wp\/v2\/tags?post=4440"}],"curies":[{"name":"wp","href":"https:\/\/api.w.org\/{rel}","templated":true}]}}