{"id":4444,"date":"2012-07-13T17:19:43","date_gmt":"2012-07-13T17:19:43","guid":{"rendered":"http:\/\/entecultura.com.ar\/noticias\/?p=4444"},"modified":"2012-07-13T17:19:43","modified_gmt":"2012-07-13T17:19:43","slug":"jose-bale-y-marcelo-garcia-en-canada-de-gomez","status":"publish","type":"post","link":"http:\/\/enteculturalsantafesino.com.ar\/usina1\/2012\/07\/jose-bale-y-marcelo-garcia-en-canada-de-gomez\/","title":{"rendered":"JOS\u00c9 BALE Y MARCELO GARC\u00cdA EN CA\u00d1ADA DE G\u00d3MEZ"},"content":{"rendered":"<table width=\"475\" border=\"0\" bgcolor=\"#ffffff\">\n<tbody>\n<tr>\n<td align=\"left\"><strong>Jos\u00e9 Bale y Marcelo Garc\u00eda, este \u00faltimo <a href=\"http:\/\/enteculturalsantafesino.com.ar\/noticias\/wp-content\/uploads\/2012\/07\/bale-gracia.jpg\" rel=\"lightbox[4444]\"><img loading=\"lazy\" decoding=\"async\" class=\"alignright size-medium wp-image-4445\" title=\"bale gracia\" src=\"http:\/\/enteculturalsantafesino.com.ar\/noticias\/wp-content\/uploads\/2012\/07\/bale-gracia-199x300.jpg\" alt=\"\" width=\"199\" height=\"300\" srcset=\"http:\/\/enteculturalsantafesino.com.ar\/usina1\/wp-content\/uploads\/2012\/07\/bale-gracia-199x300.jpg 199w, http:\/\/enteculturalsantafesino.com.ar\/usina1\/wp-content\/uploads\/2012\/07\/bale-gracia.jpg 570w\" sizes=\"(max-width: 199px) 100vw, 199px\" \/><\/a><\/strong><\/p>\n<p><strong>baterista de Le\u00f3n Gieco, estar\u00e1n en la Casa del Bicentenario present\u00e1ndose junto a Los Cosos de al Lado, que a su vez presentar\u00e1n material de su pr\u00f3ximo disco.<\/strong><\/td>\n<\/tr>\n<tr>\n<td id=\"cuerpo\" align=\"left\">La municipalidad de Ca\u00f1ada de G\u00f3mez invita a la presentaci\u00f3n del reconocido percusionista Jos\u00e9 Bale y del hist\u00f3rico baterista de Le\u00f3n Gieco, Marcelo Garc\u00eda, el pr\u00f3ximo domingo 15 de julio desde las 19 hs en Casa del Bicentenario. La presentaci\u00f3n ser\u00e1 junto a la banda de la ciudad \u201cLos cosos de al lado\u201d, que presentar\u00e1n material de su pr\u00f3ximo CD.<\/td>\n<\/tr>\n<\/tbody>\n<\/table>\n","protected":false},"excerpt":{"rendered":"<p>Jos\u00e9 Bale y Marcelo Garc\u00eda, este \u00faltimo baterista de Le\u00f3n Gieco, estar\u00e1n en la Casa del Bicentenario [&hellip;]<\/p>\n","protected":false},"author":3,"featured_media":0,"comment_status":"open","ping_status":"open","sticky":false,"template":"","format":"standard","meta":{"_jetpack_memberships_contains_paid_content":false,"footnotes":"","jetpack_publicize_message":"","jetpack_publicize_feature_enabled":true,"jetpack_social_post_already_shared":false,"jetpack_social_options":{"image_generator_settings":{"template":"highway","enabled":false}}},"categories":[1],"tags":[],"jetpack_publicize_connections":[],"jetpack_sharing_enabled":true,"jetpack_featured_media_url":"","_links":{"self":[{"href":"http:\/\/enteculturalsantafesino.com.ar\/usina1\/wp-json\/wp\/v2\/posts\/4444"}],"collection":[{"href":"http:\/\/enteculturalsantafesino.com.ar\/usina1\/wp-json\/wp\/v2\/posts"}],"about":[{"href":"http:\/\/enteculturalsantafesino.com.ar\/usina1\/wp-json\/wp\/v2\/types\/post"}],"author":[{"embeddable":true,"href":"http:\/\/enteculturalsantafesino.com.ar\/usina1\/wp-json\/wp\/v2\/users\/3"}],"replies":[{"embeddable":true,"href":"http:\/\/enteculturalsantafesino.com.ar\/usina1\/wp-json\/wp\/v2\/comments?post=4444"}],"version-history":[{"count":0,"href":"http:\/\/enteculturalsantafesino.com.ar\/usina1\/wp-json\/wp\/v2\/posts\/4444\/revisions"}],"wp:attachment":[{"href":"http:\/\/enteculturalsantafesino.com.ar\/usina1\/wp-json\/wp\/v2\/media?parent=4444"}],"wp:term":[{"taxonomy":"category","embeddable":true,"href":"http:\/\/enteculturalsantafesino.com.ar\/usina1\/wp-json\/wp\/v2\/categories?post=4444"},{"taxonomy":"post_tag","embeddable":true,"href":"http:\/\/enteculturalsantafesino.com.ar\/usina1\/wp-json\/wp\/v2\/tags?post=4444"}],"curies":[{"name":"wp","href":"https:\/\/api.w.org\/{rel}","templated":true}]}}