{"id":4448,"date":"2012-07-13T17:23:27","date_gmt":"2012-07-13T17:23:27","guid":{"rendered":"http:\/\/entecultura.com.ar\/noticias\/?p=4448"},"modified":"2012-07-13T17:23:27","modified_gmt":"2012-07-13T17:23:27","slug":"san-genaro-charla-sobre-seguridad-vial-en-el-mariano-moreno","status":"publish","type":"post","link":"http:\/\/enteculturalsantafesino.com.ar\/usina1\/2012\/07\/san-genaro-charla-sobre-seguridad-vial-en-el-mariano-moreno\/","title":{"rendered":"SAN GENARO: CHARLA SOBRE SEGURIDAD VIAL EN EL MARIANO MORENO"},"content":{"rendered":"<p>En la tarde del jueves se desarrollo en el Colegio Mariano Moreno una <a href=\"http:\/\/enteculturalsantafesino.com.ar\/noticias\/wp-content\/uploads\/2012\/07\/VIALIDADA-SG.jpg\" rel=\"lightbox[4448]\"><img loading=\"lazy\" decoding=\"async\" class=\"alignright size-medium wp-image-4449\" title=\"VIALIDADA SG\" src=\"http:\/\/enteculturalsantafesino.com.ar\/noticias\/wp-content\/uploads\/2012\/07\/VIALIDADA-SG-300x225.jpg\" alt=\"\" width=\"300\" height=\"225\" srcset=\"http:\/\/enteculturalsantafesino.com.ar\/usina1\/wp-content\/uploads\/2012\/07\/VIALIDADA-SG-300x225.jpg 300w, http:\/\/enteculturalsantafesino.com.ar\/usina1\/wp-content\/uploads\/2012\/07\/VIALIDADA-SG.jpg 720w\" sizes=\"(max-width: 300px) 100vw, 300px\" \/><\/a><\/p>\n<p>charla sobre Seguridad Vial para alumnos del establecimiento y de la Escuela T\u00e9cnica 674.<\/p>\n<p>Aprovechando el cierre de la muestra de Humor Gr\u00e1fico y Educaci\u00f3n Vial de Vialidad Nacional lleg\u00f3 a San Genaro como iniciativa del Coordinador de Inspecci\u00f3n y Tr\u00e1nsito de la Municipalidad, Marcelo Fiorgentile, la visita de Ger\u00f3nimo Bonavera, especialista en Seguridad Vial y Presidente de la Fundaci\u00f3n \u201cConciencia Vial\u201d de la ciudad de Rosario.<\/p>\n<p>M\u00e1s de 150 j\u00f3venes estuvieron presentes en la charla debate la cual se enmarca dentro del Programa de Formaci\u00f3n de Conciencia Vial, desarrollando el cap\u00edtulo \u00abLa prevenci\u00f3n y los J\u00f3venes de la secundaria\u00bb.<\/p>\n<p>Bonavera qued\u00f3 muy conforme por la participaci\u00f3n de los alumnos quienes se animaron a dar opiniones llevando adelante una jornada muy amena, de esta manera la Municipalidad demostr\u00f3 una vez m\u00e1s el fuerte compromiso con la Seguridad Vial que lleva adelante la gesti\u00f3n del Intendente Fernando Su\u00e1rez, por su parte Ger\u00f3nimo Bonavera se comprometi\u00f3 a seguir sumando actividades para la ciudad de San Genaro.<\/p>\n","protected":false},"excerpt":{"rendered":"<p>En la tarde del jueves se desarrollo en el Colegio Mariano Moreno una charla sobre Seguridad Vial [&hellip;]<\/p>\n","protected":false},"author":3,"featured_media":0,"comment_status":"open","ping_status":"open","sticky":false,"template":"","format":"standard","meta":{"_jetpack_memberships_contains_paid_content":false,"footnotes":"","jetpack_publicize_message":"","jetpack_publicize_feature_enabled":true,"jetpack_social_post_already_shared":false,"jetpack_social_options":{"image_generator_settings":{"template":"highway","enabled":false}}},"categories":[1],"tags":[],"jetpack_publicize_connections":[],"jetpack_sharing_enabled":true,"jetpack_featured_media_url":"","_links":{"self":[{"href":"http:\/\/enteculturalsantafesino.com.ar\/usina1\/wp-json\/wp\/v2\/posts\/4448"}],"collection":[{"href":"http:\/\/enteculturalsantafesino.com.ar\/usina1\/wp-json\/wp\/v2\/posts"}],"about":[{"href":"http:\/\/enteculturalsantafesino.com.ar\/usina1\/wp-json\/wp\/v2\/types\/post"}],"author":[{"embeddable":true,"href":"http:\/\/enteculturalsantafesino.com.ar\/usina1\/wp-json\/wp\/v2\/users\/3"}],"replies":[{"embeddable":true,"href":"http:\/\/enteculturalsantafesino.com.ar\/usina1\/wp-json\/wp\/v2\/comments?post=4448"}],"version-history":[{"count":0,"href":"http:\/\/enteculturalsantafesino.com.ar\/usina1\/wp-json\/wp\/v2\/posts\/4448\/revisions"}],"wp:attachment":[{"href":"http:\/\/enteculturalsantafesino.com.ar\/usina1\/wp-json\/wp\/v2\/media?parent=4448"}],"wp:term":[{"taxonomy":"category","embeddable":true,"href":"http:\/\/enteculturalsantafesino.com.ar\/usina1\/wp-json\/wp\/v2\/categories?post=4448"},{"taxonomy":"post_tag","embeddable":true,"href":"http:\/\/enteculturalsantafesino.com.ar\/usina1\/wp-json\/wp\/v2\/tags?post=4448"}],"curies":[{"name":"wp","href":"https:\/\/api.w.org\/{rel}","templated":true}]}}