{"id":445,"date":"2011-08-14T23:30:11","date_gmt":"2011-08-14T23:30:11","guid":{"rendered":"http:\/\/entecultura.com.ar\/noticias\/?p=445"},"modified":"2011-08-14T23:30:11","modified_gmt":"2011-08-14T23:30:11","slug":"merecido-reconocimiento-a-carlos-faul","status":"publish","type":"post","link":"http:\/\/enteculturalsantafesino.com.ar\/usina1\/2011\/08\/merecido-reconocimiento-a-carlos-faul\/","title":{"rendered":"MERECIDO RECONOCIMIENTO A C\u00c1RLOS FA\u00daL"},"content":{"rendered":"<p><a href=\"http:\/\/enteculturalsantafesino.com.ar\/noticias\/wp-content\/uploads\/2011\/08\/CARLOS-FAUL.jpg\" rel=\"lightbox[445]\"><img loading=\"lazy\" decoding=\"async\" class=\"alignright size-medium wp-image-446\" title=\"CARLOS FAUL\" src=\"http:\/\/enteculturalsantafesino.com.ar\/noticias\/wp-content\/uploads\/2011\/08\/CARLOS-FAUL-300x164.jpg\" alt=\"\" width=\"300\" height=\"164\" srcset=\"http:\/\/enteculturalsantafesino.com.ar\/usina1\/wp-content\/uploads\/2011\/08\/CARLOS-FAUL-300x164.jpg 300w, http:\/\/enteculturalsantafesino.com.ar\/usina1\/wp-content\/uploads\/2011\/08\/CARLOS-FAUL.jpg 465w\" sizes=\"(max-width: 300px) 100vw, 300px\" \/><\/a><\/p>\n<table width=\"475\" border=\"0\" bgcolor=\"#ffffff\">\n<tbody>\n<tr>\n<td align=\"left\"><strong>Todo el espectro de medios de la ciudad y la zona estuvieron presentes en la celebraci\u00f3n de los 50 a\u00f1os de presencia en la actividad, del hombre que tiene en su haber hitos como el programa MiCiudad, y el vigente festival de Las Trres Lunas.<\/strong><\/td>\n<\/tr>\n<tr>\n<td id=\"cuerpo\" align=\"left\">La noche de este viernes tuvo a Carlos Fa\u00fal como protagonista, y a un gran n\u00famero de amigos festejando la trayectoria de un tipo que se ha convertido en un cl\u00e1sico ca\u00f1adense.<br \/>\nLa Asociaci\u00f3n Nazareth fue el escenario de una rueda, m\u00e1s charla amable que otra cosa, donde gente de prensa de distintas generaciones intercambi\u00f3 algunas preguntas y respuestas, an\u00e9cdotas y vivencias compartidas con Carlitos.<br \/>\nTras la bienvenida de Luis Ferrigno, presidente de la instituci\u00f3n, el homenajeado record\u00f3 a grandes rasgos su historia dentro del oficio, luego hubo palabras de David Castell\u00e1n, quien charl\u00f3 sobre el prop\u00f3sito del periodismo y la presencia de Fa\u00fal en ese entorno, y m\u00e1s tarde el director del diario Estrella, Jos\u00e9 Ramaciotti, cont\u00f3 la llegada del hombre que comenz\u00f3 su camino como periodista, all\u00e1 por el 61, en el medio que entonces era una revista semanal. Hubo entonces entrega de regalos, por parte de la intendenta Stella Cl\u00e9rici, y de varios colegas hist\u00f3ricos de Carlos.<br \/>\nTras las palabras lleg\u00f3 la comida, preparada y servida por la gente de Nazareth, y la actuaci\u00f3n de el peque\u00f1o recitador Brunito G\u00f3mez, de una pareja de baile, Gonzalo y Dana Cuello, y los tangos de Danilo Torresi.<\/p>\n<p>En realidad, Carlos Fa\u00fal cumpli\u00f3, sobre todo, cincuenta a\u00f1os\u00a0 haciendo lo que se le festeja desde que desembarc\u00f3 en Ca\u00f1ada de G\u00f3mez en 1961 proveniente de la Tortugas adonde hab\u00eda crecido: participar y hacernos sentir que tambi\u00e9n los hacemos, en una vida en la que adelante de todo est\u00e1 el optimismo, la amistad y las ganas de hacer cosas que, con m\u00e1s o menos pretensiones, nos hacen m\u00e1s alegre el camino.<\/td>\n<\/tr>\n<\/tbody>\n<\/table>\n","protected":false},"excerpt":{"rendered":"<p>Todo el espectro de medios de la ciudad y la zona estuvieron presentes en la celebraci\u00f3n de [&hellip;]<\/p>\n","protected":false},"author":3,"featured_media":0,"comment_status":"open","ping_status":"open","sticky":false,"template":"","format":"standard","meta":{"_jetpack_memberships_contains_paid_content":false,"footnotes":"","jetpack_publicize_message":"","jetpack_publicize_feature_enabled":true,"jetpack_social_post_already_shared":false,"jetpack_social_options":{"image_generator_settings":{"template":"highway","enabled":false}}},"categories":[15,11,4],"tags":[],"jetpack_publicize_connections":[],"jetpack_sharing_enabled":true,"jetpack_featured_media_url":"","_links":{"self":[{"href":"http:\/\/enteculturalsantafesino.com.ar\/usina1\/wp-json\/wp\/v2\/posts\/445"}],"collection":[{"href":"http:\/\/enteculturalsantafesino.com.ar\/usina1\/wp-json\/wp\/v2\/posts"}],"about":[{"href":"http:\/\/enteculturalsantafesino.com.ar\/usina1\/wp-json\/wp\/v2\/types\/post"}],"author":[{"embeddable":true,"href":"http:\/\/enteculturalsantafesino.com.ar\/usina1\/wp-json\/wp\/v2\/users\/3"}],"replies":[{"embeddable":true,"href":"http:\/\/enteculturalsantafesino.com.ar\/usina1\/wp-json\/wp\/v2\/comments?post=445"}],"version-history":[{"count":0,"href":"http:\/\/enteculturalsantafesino.com.ar\/usina1\/wp-json\/wp\/v2\/posts\/445\/revisions"}],"wp:attachment":[{"href":"http:\/\/enteculturalsantafesino.com.ar\/usina1\/wp-json\/wp\/v2\/media?parent=445"}],"wp:term":[{"taxonomy":"category","embeddable":true,"href":"http:\/\/enteculturalsantafesino.com.ar\/usina1\/wp-json\/wp\/v2\/categories?post=445"},{"taxonomy":"post_tag","embeddable":true,"href":"http:\/\/enteculturalsantafesino.com.ar\/usina1\/wp-json\/wp\/v2\/tags?post=445"}],"curies":[{"name":"wp","href":"https:\/\/api.w.org\/{rel}","templated":true}]}}