{"id":4454,"date":"2012-07-13T17:41:34","date_gmt":"2012-07-13T17:41:34","guid":{"rendered":"http:\/\/entecultura.com.ar\/noticias\/?p=4454"},"modified":"2012-07-13T17:41:34","modified_gmt":"2012-07-13T17:41:34","slug":"fabian-matus-sera-parte-del-cabildo-cultural-santafesino","status":"publish","type":"post","link":"http:\/\/enteculturalsantafesino.com.ar\/usina1\/2012\/07\/fabian-matus-sera-parte-del-cabildo-cultural-santafesino\/","title":{"rendered":"FABI\u00c1N MATUS SER\u00c1 PARTE DEL CABILDO CULTURAL SANTAFESINO"},"content":{"rendered":"<p>Fabi\u00e1n Matus, Hijo de la Voz de Sudam\u00e9rica de\u00a0la \u00danica\u00a0 e inigualable <a href=\"http:\/\/enteculturalsantafesino.com.ar\/noticias\/wp-content\/uploads\/2012\/07\/fabian-matus.jpg\" rel=\"lightbox[4454]\"><img loading=\"lazy\" decoding=\"async\" class=\"alignright size-medium wp-image-4455\" title=\"fabian matus\" src=\"http:\/\/enteculturalsantafesino.com.ar\/noticias\/wp-content\/uploads\/2012\/07\/fabian-matus-300x158.jpg\" alt=\"\" width=\"300\" height=\"158\" srcset=\"http:\/\/enteculturalsantafesino.com.ar\/usina1\/wp-content\/uploads\/2012\/07\/fabian-matus-300x158.jpg 300w, http:\/\/enteculturalsantafesino.com.ar\/usina1\/wp-content\/uploads\/2012\/07\/fabian-matus.jpg 309w\" sizes=\"(max-width: 300px) 100vw, 300px\" \/><\/a><\/p>\n<p>Mercedes\u00a0Sosa, formar\u00e1 parte de la programaci\u00f3n de charlas y exposiciones del CAbildo Cultural Santafesino, a desarrollarse del 27 de agosto al 2 de septiembre en nuestra regi\u00f3n. Dicho evento contar\u00e1 con figuras y referentes culturales de todo el pa\u00eds con el objetivo de generar un espacio de reflexi\u00f3n y participaci\u00f3n dentro de las pol\u00edticas culturales a nivel nacional, provincial y local.<\/p>\n<p><strong><em>Fabi\u00e1n Matus:Productor de eventos culturales y art\u00edsticos Desarrollo de comunicaci\u00f3n al cliente mediante actividades culturales, art\u00edsticas y en beneficio de la comunidad. V\u00ednculo con potenciales clientes y socios en pos del objetivo principal; la comunicaci\u00f3n de las actividades de la empresa<\/em><\/strong><\/p>\n","protected":false},"excerpt":{"rendered":"<p>Fabi\u00e1n Matus, Hijo de la Voz de Sudam\u00e9rica de\u00a0la \u00danica\u00a0 e inigualable Mercedes\u00a0Sosa, formar\u00e1 parte de la [&hellip;]<\/p>\n","protected":false},"author":3,"featured_media":0,"comment_status":"open","ping_status":"open","sticky":false,"template":"","format":"standard","meta":{"_jetpack_memberships_contains_paid_content":false,"footnotes":"","jetpack_publicize_message":"","jetpack_publicize_feature_enabled":true,"jetpack_social_post_already_shared":false,"jetpack_social_options":{"image_generator_settings":{"template":"highway","enabled":false}}},"categories":[1],"tags":[],"jetpack_publicize_connections":[],"jetpack_sharing_enabled":true,"jetpack_featured_media_url":"","_links":{"self":[{"href":"http:\/\/enteculturalsantafesino.com.ar\/usina1\/wp-json\/wp\/v2\/posts\/4454"}],"collection":[{"href":"http:\/\/enteculturalsantafesino.com.ar\/usina1\/wp-json\/wp\/v2\/posts"}],"about":[{"href":"http:\/\/enteculturalsantafesino.com.ar\/usina1\/wp-json\/wp\/v2\/types\/post"}],"author":[{"embeddable":true,"href":"http:\/\/enteculturalsantafesino.com.ar\/usina1\/wp-json\/wp\/v2\/users\/3"}],"replies":[{"embeddable":true,"href":"http:\/\/enteculturalsantafesino.com.ar\/usina1\/wp-json\/wp\/v2\/comments?post=4454"}],"version-history":[{"count":0,"href":"http:\/\/enteculturalsantafesino.com.ar\/usina1\/wp-json\/wp\/v2\/posts\/4454\/revisions"}],"wp:attachment":[{"href":"http:\/\/enteculturalsantafesino.com.ar\/usina1\/wp-json\/wp\/v2\/media?parent=4454"}],"wp:term":[{"taxonomy":"category","embeddable":true,"href":"http:\/\/enteculturalsantafesino.com.ar\/usina1\/wp-json\/wp\/v2\/categories?post=4454"},{"taxonomy":"post_tag","embeddable":true,"href":"http:\/\/enteculturalsantafesino.com.ar\/usina1\/wp-json\/wp\/v2\/tags?post=4454"}],"curies":[{"name":"wp","href":"https:\/\/api.w.org\/{rel}","templated":true}]}}