{"id":4458,"date":"2012-07-13T18:02:36","date_gmt":"2012-07-13T18:02:36","guid":{"rendered":"http:\/\/entecultura.com.ar\/noticias\/?p=4458"},"modified":"2012-07-13T18:02:36","modified_gmt":"2012-07-13T18:02:36","slug":"el-intendente-julio-pereyra-sera-parte-del-cabildo-cultural-santafesino","status":"publish","type":"post","link":"http:\/\/enteculturalsantafesino.com.ar\/usina1\/2012\/07\/el-intendente-julio-pereyra-sera-parte-del-cabildo-cultural-santafesino\/","title":{"rendered":"EL INTENDENTE JULIO PEREYRA SER\u00c1 PARTE DEL CABILDO CULTURAL SANTAFESINO"},"content":{"rendered":"<p>El Intendente de Florencio Varela Julio Pereyra formar\u00e1 parte de las jornadas del Cabildo<a href=\"http:\/\/enteculturalsantafesino.com.ar\/noticias\/wp-content\/uploads\/2012\/07\/pereyra-julio.png\" rel=\"lightbox[4458]\"><img loading=\"lazy\" decoding=\"async\" class=\"alignright size-full wp-image-4459\" title=\"pereyra julio\" src=\"http:\/\/enteculturalsantafesino.com.ar\/noticias\/wp-content\/uploads\/2012\/07\/pereyra-julio.png\" alt=\"\" width=\"199\" height=\"254\" \/><\/a><\/p>\n<p>Cultural Santafesino a desarrollarse del 27 de agosto al 2 de septiembre. Pereyra es desde el a\u00f1o 2003 hasta la actualidad Presidente de la Federaci\u00f3n Argentina de Municipios (FAM).-<\/p>\n<p>Julio C\u00e9sar Pereyra: es intendente Municipal de Florencio Varela desde 1992; en octubre de 2007 fue reelecto, por quinta vez consecutiva, mandato que cumplir\u00e1 hasta el a\u00f1o 2011.<\/p>\n<p>A\u00a0 lo largo de su trayectoria pol\u00edtica se ha desempa\u00f1ado en diferentes \u00e1reas dentro del \u00e1mbito nacional como as\u00ed tambi\u00e9n en el internacional.<\/p>\n<p>En sus inicios el jefe comunal varelense, fue Director de Entidades de Bien P\u00fablico (Decreto N\u00ba142\/85- Feb. 1.985); Asesor del Se\u00f1or Intendente Municipal -Ad-Honorem (Decreto N\u00ba 1909\/87- Sept. 1.987); Secretario de Gobierno (Decreto N\u00ba 1473\/90- Jul. 1.990); Intendente Municipal interino hasta el 28 de Febrero de 1991 (Decreto N\u00ba 12\/91 (H.C.D.).- Feb. 1.991).<\/p>\n<p>Dentro de la H.C.D. de Florencio Varela, Pereyra se desempe\u00f1o como Secretario Pol\u00edtico del Bloque Justicialista del H.C.D. (Decreto N\u00ba 49\/84 \u2013 Nov. 1.984); Concejal por elecciones populares (periodo 87-91 por el Partido Justicialista, Presidente H.C.D. \u2013 Dic. 1.987); Concejal por elecciones populares por el Partido Justicialista (Dic. 1.991)<\/p>\n<p>En diciembre de 2003 fue elegido como presidente de la Federaci\u00f3n Argentina de Municipios (FAM) cargo que en la actualidad sigue desempe\u00f1ando, ya que ha sido reelecto dos veces (por primera vez en el a\u00f1o 2006 y por \u00faltima en 2008) terminando el pr\u00f3ximo a\u00f1o su tercera presidencia en dicha instituci\u00f3n.<\/p>\n<p>La Federaci\u00f3n Argentina de Municipios es una entidad p\u00fablica, no estatal, fundada por ley nacional. Tiene como objetivo principal, promover la defensa de los municipios del pa\u00eds a trav\u00e9s de diversas funciones, entre las que se encuentran como principal: representar a los municipios asociados ante los poderes ejecutivo, legislativo y judicial de la Naci\u00f3n.<\/p>\n<p>Mientras Pereyra desempe\u00f1aba su funci\u00f3n como m\u00e1ximo referente del municipalismo argentino, en el primer Congreso Latinoamericano de Intendentes fue elegido como vicepresidente de FLACMA (Federaci\u00f3n Latinoamericana de Ciudades, Municipios y Asociaciones). En 2005 renueva su mandato y se convierte en presidente de la organizaci\u00f3n y en 2006 es designado co-presidente. En 2007 ocupa nuevamente el lugar de presidente dentro de dicha instituci\u00f3n. Actualmente opera como presidente de la misma.<\/p>\n<p>FLACMA es la secci\u00f3n latinoamericana de la organizaci\u00f3n mundial de municipios Ciudades y Gobiernos Locales Unidos y se constituye con el objetivo principal de fortalecer y unificar a todas las corrientes municipalistas expresadas en distintas organizaciones.<\/p>\n<p>En mayo de 2008, Julio Pereyra, es nombrado Secretario de Asuntos Municipales del Partido Justicialista en la lista encabezada por el ex presidente de la Naci\u00f3n, N\u00e9stor Kirchner. Y a partir de noviembre de 2008 lo designan presidente del Consejo de Partido Justicialista de Florencio Varela.<\/p>\n<div><\/div>\n<div><\/div>\n<p>&nbsp;<\/p>\n<div>\n<h2><\/h2>\n<\/div>\n","protected":false},"excerpt":{"rendered":"<p>El Intendente de Florencio Varela Julio Pereyra formar\u00e1 parte de las jornadas del Cabildo Cultural Santafesino a [&hellip;]<\/p>\n","protected":false},"author":3,"featured_media":0,"comment_status":"open","ping_status":"open","sticky":false,"template":"","format":"standard","meta":{"_jetpack_memberships_contains_paid_content":false,"footnotes":"","jetpack_publicize_message":"","jetpack_publicize_feature_enabled":true,"jetpack_social_post_already_shared":false,"jetpack_social_options":{"image_generator_settings":{"template":"highway","enabled":false}}},"categories":[1],"tags":[],"jetpack_publicize_connections":[],"jetpack_sharing_enabled":true,"jetpack_featured_media_url":"","_links":{"self":[{"href":"http:\/\/enteculturalsantafesino.com.ar\/usina1\/wp-json\/wp\/v2\/posts\/4458"}],"collection":[{"href":"http:\/\/enteculturalsantafesino.com.ar\/usina1\/wp-json\/wp\/v2\/posts"}],"about":[{"href":"http:\/\/enteculturalsantafesino.com.ar\/usina1\/wp-json\/wp\/v2\/types\/post"}],"author":[{"embeddable":true,"href":"http:\/\/enteculturalsantafesino.com.ar\/usina1\/wp-json\/wp\/v2\/users\/3"}],"replies":[{"embeddable":true,"href":"http:\/\/enteculturalsantafesino.com.ar\/usina1\/wp-json\/wp\/v2\/comments?post=4458"}],"version-history":[{"count":0,"href":"http:\/\/enteculturalsantafesino.com.ar\/usina1\/wp-json\/wp\/v2\/posts\/4458\/revisions"}],"wp:attachment":[{"href":"http:\/\/enteculturalsantafesino.com.ar\/usina1\/wp-json\/wp\/v2\/media?parent=4458"}],"wp:term":[{"taxonomy":"category","embeddable":true,"href":"http:\/\/enteculturalsantafesino.com.ar\/usina1\/wp-json\/wp\/v2\/categories?post=4458"},{"taxonomy":"post_tag","embeddable":true,"href":"http:\/\/enteculturalsantafesino.com.ar\/usina1\/wp-json\/wp\/v2\/tags?post=4458"}],"curies":[{"name":"wp","href":"https:\/\/api.w.org\/{rel}","templated":true}]}}