{"id":4461,"date":"2012-07-14T21:57:20","date_gmt":"2012-07-14T21:57:20","guid":{"rendered":"http:\/\/entecultura.com.ar\/noticias\/?p=4461"},"modified":"2012-07-14T21:58:16","modified_gmt":"2012-07-14T21:58:16","slug":"4461","status":"publish","type":"post","link":"http:\/\/enteculturalsantafesino.com.ar\/usina1\/2012\/07\/4461\/","title":{"rendered":"MAR\u00cdA JUANA: RA\u00cdCES DE MI TIERRA EN EL CONGRESO DE FOLCLORE"},"content":{"rendered":"<p>Ma\u00f1ana s\u00e1bado 14 de julio el Grupo Comunal de Mar\u00eda Juana \u201cRa\u00edces de mi Tierra\u201d participar\u00e1<a href=\"http:\/\/enteculturalsantafesino.com.ar\/noticias\/wp-content\/uploads\/2012\/07\/maria-juana.gif\" rel=\"lightbox[4461]\"><img loading=\"lazy\" decoding=\"async\" class=\"alignright size-full wp-image-4462\" title=\"maria juana\" src=\"http:\/\/enteculturalsantafesino.com.ar\/noticias\/wp-content\/uploads\/2012\/07\/maria-juana.gif\" alt=\"\" width=\"200\" height=\"192\" \/><\/a><\/p>\n<p>del desfile central a realizarse en la ciudad de Rosario dentro del marco del 34\u00ba Congreso Nacional de Folclore. El mismo culminar\u00e1 con un acto en el Monumento a la Bandera donde bailaran junto a otros ni\u00f1os, j\u00f3venes y adultos de todo el pa\u00eds.El \u00c1rea de Cultura les desea \u00e9xitos en esta experiencia<\/p>\n","protected":false},"excerpt":{"rendered":"<p>Ma\u00f1ana s\u00e1bado 14 de julio el Grupo Comunal de Mar\u00eda Juana \u201cRa\u00edces de mi Tierra\u201d participar\u00e1 del [&hellip;]<\/p>\n","protected":false},"author":3,"featured_media":0,"comment_status":"open","ping_status":"open","sticky":false,"template":"","format":"standard","meta":{"_jetpack_memberships_contains_paid_content":false,"footnotes":"","jetpack_publicize_message":"","jetpack_publicize_feature_enabled":true,"jetpack_social_post_already_shared":false,"jetpack_social_options":{"image_generator_settings":{"template":"highway","enabled":false}}},"categories":[1],"tags":[],"jetpack_publicize_connections":[],"jetpack_sharing_enabled":true,"jetpack_featured_media_url":"","_links":{"self":[{"href":"http:\/\/enteculturalsantafesino.com.ar\/usina1\/wp-json\/wp\/v2\/posts\/4461"}],"collection":[{"href":"http:\/\/enteculturalsantafesino.com.ar\/usina1\/wp-json\/wp\/v2\/posts"}],"about":[{"href":"http:\/\/enteculturalsantafesino.com.ar\/usina1\/wp-json\/wp\/v2\/types\/post"}],"author":[{"embeddable":true,"href":"http:\/\/enteculturalsantafesino.com.ar\/usina1\/wp-json\/wp\/v2\/users\/3"}],"replies":[{"embeddable":true,"href":"http:\/\/enteculturalsantafesino.com.ar\/usina1\/wp-json\/wp\/v2\/comments?post=4461"}],"version-history":[{"count":0,"href":"http:\/\/enteculturalsantafesino.com.ar\/usina1\/wp-json\/wp\/v2\/posts\/4461\/revisions"}],"wp:attachment":[{"href":"http:\/\/enteculturalsantafesino.com.ar\/usina1\/wp-json\/wp\/v2\/media?parent=4461"}],"wp:term":[{"taxonomy":"category","embeddable":true,"href":"http:\/\/enteculturalsantafesino.com.ar\/usina1\/wp-json\/wp\/v2\/categories?post=4461"},{"taxonomy":"post_tag","embeddable":true,"href":"http:\/\/enteculturalsantafesino.com.ar\/usina1\/wp-json\/wp\/v2\/tags?post=4461"}],"curies":[{"name":"wp","href":"https:\/\/api.w.org\/{rel}","templated":true}]}}