{"id":4471,"date":"2012-07-14T22:03:35","date_gmt":"2012-07-14T22:03:35","guid":{"rendered":"http:\/\/entecultura.com.ar\/noticias\/?p=4471"},"modified":"2012-07-14T22:03:35","modified_gmt":"2012-07-14T22:03:35","slug":"canada-de-gomez-ciclo-de-cine-infantil-2","status":"publish","type":"post","link":"http:\/\/enteculturalsantafesino.com.ar\/usina1\/2012\/07\/canada-de-gomez-ciclo-de-cine-infantil-2\/","title":{"rendered":"CA\u00d1ADA DE G\u00d3MEZ: CICLO DE CINE INFANTIL"},"content":{"rendered":"<p>En el marco del ciclo de cine infantil del 2012, el s\u00e1bado 14 de julio <a href=\"http:\/\/enteculturalsantafesino.com.ar\/noticias\/wp-content\/uploads\/2012\/07\/TORTUGASNINJA.png\" rel=\"lightbox[4471]\"><img loading=\"lazy\" decoding=\"async\" class=\"alignright size-medium wp-image-4472\" title=\"TORTUGASNINJA\" src=\"http:\/\/enteculturalsantafesino.com.ar\/noticias\/wp-content\/uploads\/2012\/07\/TORTUGASNINJA-300x271.png\" alt=\"\" width=\"300\" height=\"271\" srcset=\"http:\/\/enteculturalsantafesino.com.ar\/usina1\/wp-content\/uploads\/2012\/07\/TORTUGASNINJA-300x271.png 300w, http:\/\/enteculturalsantafesino.com.ar\/usina1\/wp-content\/uploads\/2012\/07\/TORTUGASNINJA.png 574w\" sizes=\"(max-width: 300px) 100vw, 300px\" \/><\/a><\/p>\n<p>desde las 16 hs. en Casa del Bicentenario se proyectar\u00e1 <strong>\u201cLAS TORTUGAS NINJA<\/strong>\u00ab<\/p>\n","protected":false},"excerpt":{"rendered":"<p>En el marco del ciclo de cine infantil del 2012, el s\u00e1bado 14 de julio desde las [&hellip;]<\/p>\n","protected":false},"author":3,"featured_media":0,"comment_status":"open","ping_status":"open","sticky":false,"template":"","format":"standard","meta":{"_jetpack_memberships_contains_paid_content":false,"footnotes":"","jetpack_publicize_message":"","jetpack_publicize_feature_enabled":true,"jetpack_social_post_already_shared":false,"jetpack_social_options":{"image_generator_settings":{"template":"highway","enabled":false}}},"categories":[1],"tags":[],"jetpack_publicize_connections":[],"jetpack_sharing_enabled":true,"jetpack_featured_media_url":"","_links":{"self":[{"href":"http:\/\/enteculturalsantafesino.com.ar\/usina1\/wp-json\/wp\/v2\/posts\/4471"}],"collection":[{"href":"http:\/\/enteculturalsantafesino.com.ar\/usina1\/wp-json\/wp\/v2\/posts"}],"about":[{"href":"http:\/\/enteculturalsantafesino.com.ar\/usina1\/wp-json\/wp\/v2\/types\/post"}],"author":[{"embeddable":true,"href":"http:\/\/enteculturalsantafesino.com.ar\/usina1\/wp-json\/wp\/v2\/users\/3"}],"replies":[{"embeddable":true,"href":"http:\/\/enteculturalsantafesino.com.ar\/usina1\/wp-json\/wp\/v2\/comments?post=4471"}],"version-history":[{"count":0,"href":"http:\/\/enteculturalsantafesino.com.ar\/usina1\/wp-json\/wp\/v2\/posts\/4471\/revisions"}],"wp:attachment":[{"href":"http:\/\/enteculturalsantafesino.com.ar\/usina1\/wp-json\/wp\/v2\/media?parent=4471"}],"wp:term":[{"taxonomy":"category","embeddable":true,"href":"http:\/\/enteculturalsantafesino.com.ar\/usina1\/wp-json\/wp\/v2\/categories?post=4471"},{"taxonomy":"post_tag","embeddable":true,"href":"http:\/\/enteculturalsantafesino.com.ar\/usina1\/wp-json\/wp\/v2\/tags?post=4471"}],"curies":[{"name":"wp","href":"https:\/\/api.w.org\/{rel}","templated":true}]}}