{"id":4478,"date":"2012-07-15T00:24:13","date_gmt":"2012-07-15T00:24:13","guid":{"rendered":"http:\/\/entecultura.com.ar\/noticias\/?p=4478"},"modified":"2012-07-15T00:24:13","modified_gmt":"2012-07-15T00:24:13","slug":"gracias","status":"publish","type":"post","link":"http:\/\/enteculturalsantafesino.com.ar\/usina1\/2012\/07\/gracias\/","title":{"rendered":"GRACIAS!"},"content":{"rendered":"<p><em><strong>Es la palabra que le dejamos a todos los obreros del arte <a href=\"http:\/\/enteculturalsantafesino.com.ar\/noticias\/wp-content\/uploads\/2012\/07\/estudio-bit.jpg\" rel=\"lightbox[4478]\"><img loading=\"lazy\" decoding=\"async\" class=\"alignright size-medium wp-image-4479\" title=\"estudio bit\" src=\"http:\/\/enteculturalsantafesino.com.ar\/noticias\/wp-content\/uploads\/2012\/07\/estudio-bit-300x104.jpg\" alt=\"\" width=\"300\" height=\"104\" srcset=\"http:\/\/enteculturalsantafesino.com.ar\/usina1\/wp-content\/uploads\/2012\/07\/estudio-bit-300x104.jpg 300w, http:\/\/enteculturalsantafesino.com.ar\/usina1\/wp-content\/uploads\/2012\/07\/estudio-bit.jpg 403w\" sizes=\"(max-width: 300px) 100vw, 300px\" \/><\/a><\/strong><\/em><\/p>\n<p><em><strong>que producen desde el talento la verdadera riqueza que enriquece al Alma&#8230;<\/strong><\/em><\/p>\n<p>En la jornada del s\u00e1bado 14 durante varias horas en los Estudios Bit Record de Juan Pablo Rossi se desarroll\u00f3 la \u00faltima parte de la Canci\u00f3n del Ente Regional de Cultura que se presentar\u00e1 durante el desarrollo del Cabildo Cultural Santafesino del 27 de agosto al 2 de septiembre.<\/p>\n<p>El Ente Regional de Cultura agradece a todas las comunidades y a sus artistas por formar parte de este Proyecto de \u00abRegionalizaci\u00f3n Cultural\u00bb sin antecedentes. Juntos; M\u00e1s y Mejor!<\/p>\n<p><strong><em>Juntos, M\u00e1s y Mejor-Canci\u00f3n del Ente Regional de Cultura<\/em><\/strong><\/p>\n<p><strong><em>Grabado durante los meses de julio en los Estudios de Bit Record de Juan Pablo Rossi-Las Parejas<\/em><\/strong><\/p>\n<p><strong><em>Letra: Fernando Banegas<\/em><\/strong><\/p>\n<p><strong><em>M\u00fasica:Fernando Banegas y Mariano Villarruel<\/em><\/strong><\/p>\n<p>Arreglos, direcci\u00f3n y Grabaci\u00f3n: Juan Pablo Rossi<\/p>\n<p><strong><em>Participantes:<\/em><\/strong><\/p>\n<p>Teodoro Izaguirre-Percusi\u00f3n- (Correa)<\/p>\n<p>Mariano Villarruel (guitarras)<\/p>\n<p>Franco, Masiggnani (Cda. De G\u00f3mez)<\/p>\n<p>Julieta,Marucco (Ca\u00f1ada de G\u00f3mez)<\/p>\n<p>Dalila Dietschi (Montes de Oca)<\/p>\n<p>Alder Sebastian(Totoras)<\/p>\n<p>Lucia y Diego Gui\u00f1az\u00fa(Totoras)<\/p>\n<p>Marina Garay (Mar\u00eda Susana)<\/p>\n<p>Miguel Gim\u00e9nez(San Genaro)<\/p>\n<p>Lorena Felipelli (San Genaro)<\/p>\n<p>Melisa Aimino( Mar\u00eda Juana)<\/p>\n<p>Aimino Melina(Ma. Juana)<\/p>\n<p>Marinane Ariana (Ma. Juana)<\/p>\n<p>Rodriguez Kern, Leonardo (Mar\u00eda Juana)<\/p>\n<p>Moreno Abel(Sastre)<\/p>\n<p>Oyola, Maria Ester(Sastre)<\/p>\n<p>Ramirez Graciela (Sastre)<\/p>\n<p>Pamela Ferrari (Carlos Pellegrini)<\/p>\n<p>Lucas Dibono(Correa)<\/p>\n<p>Magal\u00ed Orellano (Correa)<\/p>\n<p>Juan Tonelli (Correa)<\/p>\n<p>Nuestro Canto (El Tr\u00e9bol)<\/p>\n<p>Valeria Rodriguez (El Tr\u00e9bol)<\/p>\n<p><em>Juan Batalla (Tortugas)<\/em><\/p>\n<p><em>\u00a0Miguel Angel Batalla (Tortugas)<\/em><\/p>\n<p><em>\u00a0Martin Cuberlis(Tortugas)<\/em><\/p>\n<p><em>Gloria Scotucc<\/em><em>i (<\/em><em>Bouquet)<\/em><\/p>\n<p><em>Ricardo Aquino (San Vicente)<\/em><\/p>\n<p><em>\u00a0Luciana Montiel (San Vicente)<\/em><em><\/em><\/p>\n","protected":false},"excerpt":{"rendered":"<p>Es la palabra que le dejamos a todos los obreros del arte que producen desde el talento [&hellip;]<\/p>\n","protected":false},"author":3,"featured_media":0,"comment_status":"open","ping_status":"open","sticky":false,"template":"","format":"standard","meta":{"_jetpack_memberships_contains_paid_content":false,"footnotes":"","jetpack_publicize_message":"","jetpack_publicize_feature_enabled":true,"jetpack_social_post_already_shared":false,"jetpack_social_options":{"image_generator_settings":{"template":"highway","enabled":false}}},"categories":[1],"tags":[],"jetpack_publicize_connections":[],"jetpack_sharing_enabled":true,"jetpack_featured_media_url":"","_links":{"self":[{"href":"http:\/\/enteculturalsantafesino.com.ar\/usina1\/wp-json\/wp\/v2\/posts\/4478"}],"collection":[{"href":"http:\/\/enteculturalsantafesino.com.ar\/usina1\/wp-json\/wp\/v2\/posts"}],"about":[{"href":"http:\/\/enteculturalsantafesino.com.ar\/usina1\/wp-json\/wp\/v2\/types\/post"}],"author":[{"embeddable":true,"href":"http:\/\/enteculturalsantafesino.com.ar\/usina1\/wp-json\/wp\/v2\/users\/3"}],"replies":[{"embeddable":true,"href":"http:\/\/enteculturalsantafesino.com.ar\/usina1\/wp-json\/wp\/v2\/comments?post=4478"}],"version-history":[{"count":0,"href":"http:\/\/enteculturalsantafesino.com.ar\/usina1\/wp-json\/wp\/v2\/posts\/4478\/revisions"}],"wp:attachment":[{"href":"http:\/\/enteculturalsantafesino.com.ar\/usina1\/wp-json\/wp\/v2\/media?parent=4478"}],"wp:term":[{"taxonomy":"category","embeddable":true,"href":"http:\/\/enteculturalsantafesino.com.ar\/usina1\/wp-json\/wp\/v2\/categories?post=4478"},{"taxonomy":"post_tag","embeddable":true,"href":"http:\/\/enteculturalsantafesino.com.ar\/usina1\/wp-json\/wp\/v2\/tags?post=4478"}],"curies":[{"name":"wp","href":"https:\/\/api.w.org\/{rel}","templated":true}]}}