{"id":4482,"date":"2012-07-16T04:58:50","date_gmt":"2012-07-16T04:58:50","guid":{"rendered":"http:\/\/entecultura.com.ar\/noticias\/?p=4482"},"modified":"2012-07-16T04:58:50","modified_gmt":"2012-07-16T04:58:50","slug":"murio-la-poeta-y-cantora-leda-valladares","status":"publish","type":"post","link":"http:\/\/enteculturalsantafesino.com.ar\/usina1\/2012\/07\/murio-la-poeta-y-cantora-leda-valladares\/","title":{"rendered":"MURI\u00d3 LA POETA Y CANTORA LEDA VALLADARES"},"content":{"rendered":"<p>La poeta, cantora, compositora y music\u00f3loga Leda Valladares muri\u00f3 este <a href=\"http:\/\/enteculturalsantafesino.com.ar\/noticias\/wp-content\/uploads\/2012\/07\/leda.jpg\" rel=\"lightbox[4482]\"><img loading=\"lazy\" decoding=\"async\" class=\"alignright size-medium wp-image-4483\" title=\"leda\" src=\"http:\/\/enteculturalsantafesino.com.ar\/noticias\/wp-content\/uploads\/2012\/07\/leda-300x161.jpg\" alt=\"\" width=\"300\" height=\"161\" srcset=\"http:\/\/enteculturalsantafesino.com.ar\/usina1\/wp-content\/uploads\/2012\/07\/leda-300x161.jpg 300w, http:\/\/enteculturalsantafesino.com.ar\/usina1\/wp-content\/uploads\/2012\/07\/leda.jpg 544w\" sizes=\"(max-width: 300px) 100vw, 300px\" \/><\/a><\/p>\n<p>viernes a los 93 a\u00f1os.<\/p>\n<div>\n<div>\n<div>Leda Valladares<\/div>\n<\/div>\n<\/div>\n<div style=\"text-align: left;\">\u00a0Desde hace varios a\u00f1os la artista padec\u00eda el mal de Alzheimer y se encontraba recluida en un geri\u00e1trico de la Capital Federal.<\/div>\n<p>Su deceso fue informado a T\u00e9lam por el sobrino de Leda, Eduardo \u00abTuco\u00bb Valladares, hijo del recordado \u00abChivo\u00bb Valladares.<\/p>\n<p>Leda naci\u00f3 en San Miguel de Tucum\u00e1n en 1919.<\/p>\n<p>Si bien sus comienzos estuvieron ligados al jazz, con la edad 22 a\u00f1os comenz\u00f3 su pasi\u00f3n por el folclore.<\/p>\n<p>Promediando los a\u00f1os `50 viaj\u00f3 a Francia, donde se encontr\u00f3 con Mar\u00eda Elena Walsh para integrar el d\u00fao folcl\u00f3rico \u00abLeda y Mar\u00eda\u00bb.<\/p>\n<p>Una de sus obras cumbre editadas entre los a\u00f1os 1960 y 1974 fue una serie de \u00e1lbumes testimoniales y documentales, \u00abMapa musical argentino\u00bb, a cargo del sello Melopea, de Litto Nebbia.<\/p>\n<p>Leda Valladares tiene en su haber adem\u00e1s inmortales obras de la talla de \u00abIgual rumbo, grito en el cielo\u00bb (1989), \u00abGrito en el cielo II\u00bb (1990) y la impecable \u00abAm\u00e9rica en Cueros\u00bb (1992), por la cual fue declarada miembro de honor de la UNESCO.<\/p>\n<p>&nbsp;<\/p>\n<div><\/div>\n<p><em>Fuente: <\/em> <strong>SM- Telam<\/strong><\/p>\n","protected":false},"excerpt":{"rendered":"<p>La poeta, cantora, compositora y music\u00f3loga Leda Valladares muri\u00f3 este viernes a los 93 a\u00f1os. Leda Valladares [&hellip;]<\/p>\n","protected":false},"author":3,"featured_media":0,"comment_status":"open","ping_status":"open","sticky":false,"template":"","format":"standard","meta":{"_jetpack_memberships_contains_paid_content":false,"footnotes":"","jetpack_publicize_message":"","jetpack_publicize_feature_enabled":true,"jetpack_social_post_already_shared":false,"jetpack_social_options":{"image_generator_settings":{"template":"highway","enabled":false}}},"categories":[1],"tags":[],"jetpack_publicize_connections":[],"jetpack_sharing_enabled":true,"jetpack_featured_media_url":"","_links":{"self":[{"href":"http:\/\/enteculturalsantafesino.com.ar\/usina1\/wp-json\/wp\/v2\/posts\/4482"}],"collection":[{"href":"http:\/\/enteculturalsantafesino.com.ar\/usina1\/wp-json\/wp\/v2\/posts"}],"about":[{"href":"http:\/\/enteculturalsantafesino.com.ar\/usina1\/wp-json\/wp\/v2\/types\/post"}],"author":[{"embeddable":true,"href":"http:\/\/enteculturalsantafesino.com.ar\/usina1\/wp-json\/wp\/v2\/users\/3"}],"replies":[{"embeddable":true,"href":"http:\/\/enteculturalsantafesino.com.ar\/usina1\/wp-json\/wp\/v2\/comments?post=4482"}],"version-history":[{"count":0,"href":"http:\/\/enteculturalsantafesino.com.ar\/usina1\/wp-json\/wp\/v2\/posts\/4482\/revisions"}],"wp:attachment":[{"href":"http:\/\/enteculturalsantafesino.com.ar\/usina1\/wp-json\/wp\/v2\/media?parent=4482"}],"wp:term":[{"taxonomy":"category","embeddable":true,"href":"http:\/\/enteculturalsantafesino.com.ar\/usina1\/wp-json\/wp\/v2\/categories?post=4482"},{"taxonomy":"post_tag","embeddable":true,"href":"http:\/\/enteculturalsantafesino.com.ar\/usina1\/wp-json\/wp\/v2\/tags?post=4482"}],"curies":[{"name":"wp","href":"https:\/\/api.w.org\/{rel}","templated":true}]}}