{"id":4485,"date":"2012-07-16T05:02:12","date_gmt":"2012-07-16T05:02:12","guid":{"rendered":"http:\/\/entecultura.com.ar\/noticias\/?p=4485"},"modified":"2012-07-16T05:02:12","modified_gmt":"2012-07-16T05:02:12","slug":"sastre-maria-del-carmen-chude-distinguida-en-brasil","status":"publish","type":"post","link":"http:\/\/enteculturalsantafesino.com.ar\/usina1\/2012\/07\/sastre-maria-del-carmen-chude-distinguida-en-brasil\/","title":{"rendered":"SASTRE: MAR\u00cdA DEL CARMEN CHUDE DISTINGUIDA EN BRASIL"},"content":{"rendered":"<p>La psicopedagoga sastrense recibi\u00f3 el premio OMD. El premio otorgado <a href=\"http:\/\/enteculturalsantafesino.com.ar\/noticias\/wp-content\/uploads\/2012\/07\/CHUDE.jpg\" rel=\"lightbox[4485]\"><img loading=\"lazy\" decoding=\"async\" class=\"alignright size-medium wp-image-4486\" title=\"CHUDE\" src=\"http:\/\/enteculturalsantafesino.com.ar\/noticias\/wp-content\/uploads\/2012\/07\/CHUDE-300x215.jpg\" alt=\"\" width=\"300\" height=\"215\" srcset=\"http:\/\/enteculturalsantafesino.com.ar\/usina1\/wp-content\/uploads\/2012\/07\/CHUDE-300x215.jpg 300w, http:\/\/enteculturalsantafesino.com.ar\/usina1\/wp-content\/uploads\/2012\/07\/CHUDE.jpg 425w\" sizes=\"(max-width: 300px) 100vw, 300px\" \/><\/a><\/p>\n<p>por el gobierno brasile\u00f1o. Chude dirige una consultora en el \u00e1rea de ciencias de la educaci\u00f3n y aprendizaje en Sao Paulo.<\/p>\n<p>La creadora y directora pedag\u00f3gica del Programa \u201cCiencia Hoy de Apoyo a la Educaci\u00f3n de Brasil\u201d, Mar\u00eda del Carmen Guadalupe Chude recibi\u00f3 el premio Objetivos de Desarrollo del Milenio (OMD), cuyo objetivo es promover y dar reconocimiento a proyectos, programas y pol\u00edticas p\u00fablicas que contribuyen al cumplimiento de las propuestos de la Organizaci\u00f3n de las Naciones Unidas (ONU).<\/p>\n<p>Chude, nacida en Sastre, curs\u00f3 sus estudios primarios y secundarios en esta ciudad y luego se recibi\u00f3 de licenciada en Psicopedagog\u00eda en Santa Fe. Luego de casarse se radic\u00f3 en Sao Paulo donde vive actualmente.<\/p>\n<p>La directora de \u201cContactos Latinoamerica\u201d recibi\u00f3 la distinci\u00f3n en manos de la presidenta Dilma Rousseff durante la cuarta edici\u00f3n en el Palacio del Planalto.<\/p>\n<p>La psicopedagoga est\u00e1 al frente de una consultora especializada en facilitar el aprendizaje para el desarrollo de los talentos humanos y los equipos de alto rendimiento con una filosof\u00eda diferente y la metodolog\u00eda, se centr\u00f3 en la capacidad del ser humano tiene que desarrollar y llegar a ser, ejerciendo de este modo una cambio en su entorno.<\/p>\n<p>La ceremonia se llev\u00f3 a cabo a fines de mayo en Brasilia y cont\u00f3 con la presencia de cientos de representantes de gobiernos, organizaciones de la sociedad civil y ministros de Am\u00e9rica Latina y el Caribe y \u00c1frica, la Administradora del Programa de las Naciones Unidas para el Desarrollo (PNUD), Helen Clark, se uni\u00f3 a la Presidenta de Brasil, Dilma Rousseff, en la entrega del premio al desarrollo de m\u00e1s prestigio del pa\u00eds. <em><strong>InfoSastre.com<\/strong><\/em><\/p>\n","protected":false},"excerpt":{"rendered":"<p>La psicopedagoga sastrense recibi\u00f3 el premio OMD. El premio otorgado por el gobierno brasile\u00f1o. Chude dirige una [&hellip;]<\/p>\n","protected":false},"author":3,"featured_media":0,"comment_status":"open","ping_status":"open","sticky":false,"template":"","format":"standard","meta":{"_jetpack_memberships_contains_paid_content":false,"footnotes":"","jetpack_publicize_message":"","jetpack_publicize_feature_enabled":true,"jetpack_social_post_already_shared":false,"jetpack_social_options":{"image_generator_settings":{"template":"highway","enabled":false}}},"categories":[1],"tags":[],"jetpack_publicize_connections":[],"jetpack_sharing_enabled":true,"jetpack_featured_media_url":"","_links":{"self":[{"href":"http:\/\/enteculturalsantafesino.com.ar\/usina1\/wp-json\/wp\/v2\/posts\/4485"}],"collection":[{"href":"http:\/\/enteculturalsantafesino.com.ar\/usina1\/wp-json\/wp\/v2\/posts"}],"about":[{"href":"http:\/\/enteculturalsantafesino.com.ar\/usina1\/wp-json\/wp\/v2\/types\/post"}],"author":[{"embeddable":true,"href":"http:\/\/enteculturalsantafesino.com.ar\/usina1\/wp-json\/wp\/v2\/users\/3"}],"replies":[{"embeddable":true,"href":"http:\/\/enteculturalsantafesino.com.ar\/usina1\/wp-json\/wp\/v2\/comments?post=4485"}],"version-history":[{"count":0,"href":"http:\/\/enteculturalsantafesino.com.ar\/usina1\/wp-json\/wp\/v2\/posts\/4485\/revisions"}],"wp:attachment":[{"href":"http:\/\/enteculturalsantafesino.com.ar\/usina1\/wp-json\/wp\/v2\/media?parent=4485"}],"wp:term":[{"taxonomy":"category","embeddable":true,"href":"http:\/\/enteculturalsantafesino.com.ar\/usina1\/wp-json\/wp\/v2\/categories?post=4485"},{"taxonomy":"post_tag","embeddable":true,"href":"http:\/\/enteculturalsantafesino.com.ar\/usina1\/wp-json\/wp\/v2\/tags?post=4485"}],"curies":[{"name":"wp","href":"https:\/\/api.w.org\/{rel}","templated":true}]}}