{"id":4488,"date":"2012-07-16T05:07:38","date_gmt":"2012-07-16T05:07:38","guid":{"rendered":"http:\/\/entecultura.com.ar\/noticias\/?p=4488"},"modified":"2012-07-16T05:07:38","modified_gmt":"2012-07-16T05:07:38","slug":"maria-juana-raices-de-mi-tierra-participo-del-congreso-nacional-de-folclore","status":"publish","type":"post","link":"http:\/\/enteculturalsantafesino.com.ar\/usina1\/2012\/07\/maria-juana-raices-de-mi-tierra-participo-del-congreso-nacional-de-folclore\/","title":{"rendered":"MAR\u00cdA JUANA: \u00abRA\u00cdCES DE MI TIERRA\u00bb PARTICIP\u00d3 DEL CONGRESO NACIONAL DE FOLCLORE"},"content":{"rendered":"<p>El\u00a0s\u00e1bado 14 de julio el Grupo Comunal de Mar\u00eda Juana<a href=\"http:\/\/enteculturalsantafesino.com.ar\/noticias\/wp-content\/uploads\/2012\/07\/rices-de-i-tierra.jpg\" rel=\"lightbox[4488]\"><img loading=\"lazy\" decoding=\"async\" class=\"alignright size-medium wp-image-4489\" title=\"rices de i tierra\" src=\"http:\/\/enteculturalsantafesino.com.ar\/noticias\/wp-content\/uploads\/2012\/07\/rices-de-i-tierra-300x225.jpg\" alt=\"\" width=\"300\" height=\"225\" srcset=\"http:\/\/enteculturalsantafesino.com.ar\/usina1\/wp-content\/uploads\/2012\/07\/rices-de-i-tierra-300x225.jpg 300w, http:\/\/enteculturalsantafesino.com.ar\/usina1\/wp-content\/uploads\/2012\/07\/rices-de-i-tierra.jpg 960w\" sizes=\"(max-width: 300px) 100vw, 300px\" \/><\/a><\/p>\n<p style=\"text-align: left;\">\u00a0\u201cRa\u00edces de mi Tierra\u201d particip\u00f3 del desfile central a realizado en la ciudad de Rosario dentro del marco del 34\u00ba Congreso Nacional de Folclore. El mismo culmin\u00f3 con un acto en el Monumento a la Bandera donde bailaron junto a otros ni\u00f1os, j\u00f3venes y adultos de todo el pa\u00eds<\/p>\n","protected":false},"excerpt":{"rendered":"<p>El\u00a0s\u00e1bado 14 de julio el Grupo Comunal de Mar\u00eda Juana \u00a0\u201cRa\u00edces de mi Tierra\u201d particip\u00f3 del desfile [&hellip;]<\/p>\n","protected":false},"author":3,"featured_media":0,"comment_status":"open","ping_status":"open","sticky":false,"template":"","format":"standard","meta":{"_jetpack_memberships_contains_paid_content":false,"footnotes":"","jetpack_publicize_message":"","jetpack_publicize_feature_enabled":true,"jetpack_social_post_already_shared":false,"jetpack_social_options":{"image_generator_settings":{"template":"highway","enabled":false}}},"categories":[1],"tags":[],"jetpack_publicize_connections":[],"jetpack_sharing_enabled":true,"jetpack_featured_media_url":"","_links":{"self":[{"href":"http:\/\/enteculturalsantafesino.com.ar\/usina1\/wp-json\/wp\/v2\/posts\/4488"}],"collection":[{"href":"http:\/\/enteculturalsantafesino.com.ar\/usina1\/wp-json\/wp\/v2\/posts"}],"about":[{"href":"http:\/\/enteculturalsantafesino.com.ar\/usina1\/wp-json\/wp\/v2\/types\/post"}],"author":[{"embeddable":true,"href":"http:\/\/enteculturalsantafesino.com.ar\/usina1\/wp-json\/wp\/v2\/users\/3"}],"replies":[{"embeddable":true,"href":"http:\/\/enteculturalsantafesino.com.ar\/usina1\/wp-json\/wp\/v2\/comments?post=4488"}],"version-history":[{"count":0,"href":"http:\/\/enteculturalsantafesino.com.ar\/usina1\/wp-json\/wp\/v2\/posts\/4488\/revisions"}],"wp:attachment":[{"href":"http:\/\/enteculturalsantafesino.com.ar\/usina1\/wp-json\/wp\/v2\/media?parent=4488"}],"wp:term":[{"taxonomy":"category","embeddable":true,"href":"http:\/\/enteculturalsantafesino.com.ar\/usina1\/wp-json\/wp\/v2\/categories?post=4488"},{"taxonomy":"post_tag","embeddable":true,"href":"http:\/\/enteculturalsantafesino.com.ar\/usina1\/wp-json\/wp\/v2\/tags?post=4488"}],"curies":[{"name":"wp","href":"https:\/\/api.w.org\/{rel}","templated":true}]}}