{"id":449,"date":"2011-08-14T23:32:16","date_gmt":"2011-08-14T23:32:16","guid":{"rendered":"http:\/\/entecultura.com.ar\/noticias\/?p=449"},"modified":"2011-08-14T23:32:16","modified_gmt":"2011-08-14T23:32:16","slug":"dos-grandes-del-humor-llegan-al-verdi","status":"publish","type":"post","link":"http:\/\/enteculturalsantafesino.com.ar\/usina1\/2011\/08\/dos-grandes-del-humor-llegan-al-verdi\/","title":{"rendered":"DOS GRANDES DEL HUMOR LLEGAN AL VERDI"},"content":{"rendered":"<p><a href=\"http:\/\/enteculturalsantafesino.com.ar\/noticias\/wp-content\/uploads\/2011\/08\/NEGRO-ALVAREZ.jpg\" rel=\"lightbox[449]\"><img loading=\"lazy\" decoding=\"async\" class=\"alignright size-medium wp-image-450\" title=\"NEGRO ALVAREZ\" src=\"http:\/\/enteculturalsantafesino.com.ar\/noticias\/wp-content\/uploads\/2011\/08\/NEGRO-ALVAREZ-300x164.jpg\" alt=\"\" width=\"300\" height=\"164\" srcset=\"http:\/\/enteculturalsantafesino.com.ar\/usina1\/wp-content\/uploads\/2011\/08\/NEGRO-ALVAREZ-300x164.jpg 300w, http:\/\/enteculturalsantafesino.com.ar\/usina1\/wp-content\/uploads\/2011\/08\/NEGRO-ALVAREZ.jpg 419w\" sizes=\"(max-width: 300px) 100vw, 300px\" \/><\/a><\/p>\n<table width=\"475\" border=\"0\" bgcolor=\"#ffffff\">\n<tbody>\n<tr>\n<td align=\"left\"><strong>Cacho Buenaventura y el Negro Alvarez se presentar\u00e1n en una funci\u00f3n el lunes 22 de agosto a las 20.30. Las entradas est\u00e1n en venta en la boleter\u00eda del teatro.<\/strong><\/td>\n<\/tr>\n<tr>\n<td id=\"cuerpo\" align=\"left\">Teatro Verdi- Moreno 277-\u00a0 T.E. 03471-422173- 423480<br \/>\nEmail- teatroverdi@arnetbiz.com.ar \u2013 teatroverdi@hotmail.cl<\/td>\n<\/tr>\n<\/tbody>\n<\/table>\n","protected":false},"excerpt":{"rendered":"<p>Cacho Buenaventura y el Negro Alvarez se presentar\u00e1n en una funci\u00f3n el lunes 22 de agosto a [&hellip;]<\/p>\n","protected":false},"author":3,"featured_media":0,"comment_status":"open","ping_status":"open","sticky":false,"template":"","format":"standard","meta":{"_jetpack_memberships_contains_paid_content":false,"footnotes":"","jetpack_publicize_message":"","jetpack_publicize_feature_enabled":true,"jetpack_social_post_already_shared":false,"jetpack_social_options":{"image_generator_settings":{"template":"highway","enabled":false}}},"categories":[15,11,4],"tags":[],"jetpack_publicize_connections":[],"jetpack_sharing_enabled":true,"jetpack_featured_media_url":"","_links":{"self":[{"href":"http:\/\/enteculturalsantafesino.com.ar\/usina1\/wp-json\/wp\/v2\/posts\/449"}],"collection":[{"href":"http:\/\/enteculturalsantafesino.com.ar\/usina1\/wp-json\/wp\/v2\/posts"}],"about":[{"href":"http:\/\/enteculturalsantafesino.com.ar\/usina1\/wp-json\/wp\/v2\/types\/post"}],"author":[{"embeddable":true,"href":"http:\/\/enteculturalsantafesino.com.ar\/usina1\/wp-json\/wp\/v2\/users\/3"}],"replies":[{"embeddable":true,"href":"http:\/\/enteculturalsantafesino.com.ar\/usina1\/wp-json\/wp\/v2\/comments?post=449"}],"version-history":[{"count":0,"href":"http:\/\/enteculturalsantafesino.com.ar\/usina1\/wp-json\/wp\/v2\/posts\/449\/revisions"}],"wp:attachment":[{"href":"http:\/\/enteculturalsantafesino.com.ar\/usina1\/wp-json\/wp\/v2\/media?parent=449"}],"wp:term":[{"taxonomy":"category","embeddable":true,"href":"http:\/\/enteculturalsantafesino.com.ar\/usina1\/wp-json\/wp\/v2\/categories?post=449"},{"taxonomy":"post_tag","embeddable":true,"href":"http:\/\/enteculturalsantafesino.com.ar\/usina1\/wp-json\/wp\/v2\/tags?post=449"}],"curies":[{"name":"wp","href":"https:\/\/api.w.org\/{rel}","templated":true}]}}