{"id":4493,"date":"2012-07-16T06:51:13","date_gmt":"2012-07-16T06:51:13","guid":{"rendered":"http:\/\/entecultura.com.ar\/noticias\/?p=4493"},"modified":"2012-07-16T06:51:35","modified_gmt":"2012-07-16T06:51:35","slug":"quino-padre-de-una-mafalda-joven-celebra-sus-80-anos","status":"publish","type":"post","link":"http:\/\/enteculturalsantafesino.com.ar\/usina1\/2012\/07\/quino-padre-de-una-mafalda-joven-celebra-sus-80-anos\/","title":{"rendered":"QUINO, PADRE DE UNA MAFALDA JOVEN, CELEBRA SUS 80 A\u00d1OS"},"content":{"rendered":"<p><a href=\"http:\/\/enteculturalsantafesino.com.ar\/noticias\/wp-content\/uploads\/2012\/07\/quino.jpg\" rel=\"lightbox[4493]\"><img loading=\"lazy\" decoding=\"async\" class=\"alignright size-medium wp-image-4494\" title=\"quino\" src=\"http:\/\/enteculturalsantafesino.com.ar\/noticias\/wp-content\/uploads\/2012\/07\/quino-300x130.jpg\" alt=\"\" width=\"300\" height=\"130\" srcset=\"http:\/\/enteculturalsantafesino.com.ar\/usina1\/wp-content\/uploads\/2012\/07\/quino-300x130.jpg 300w, http:\/\/enteculturalsantafesino.com.ar\/usina1\/wp-content\/uploads\/2012\/07\/quino.jpg 632w\" sizes=\"(max-width: 300px) 100vw, 300px\" \/><\/a>El dibujante Quino, creador de Mafalda, festejar\u00e1 sus 80 a\u00f1os el pr\u00f3ximo martes 17, mientras el culto a la ni\u00f1a preocupada por la humanidad y la paz mundial dio la vuelta al planeta y sus libros se reeditan una y otra vez.<\/p>\n<p align=\"justify\">El escritor italiano Umberto Eco, admirador de Mafalda, la defini\u00f3 como una \u00abhero\u00edna iracunda que rechaza al mundo tal cual es&#8230; reivindicando su derecho a seguir siendo una ni\u00f1a que no quiere hacerse cargo de un universo adulterado por los padres\u00bb.<\/p>\n<p align=\"justify\">Convertida en s\u00edmbolo de rebeld\u00eda, las andanzas de la nena de pelo oscuro y cara redonda marcaron a numerosas generaciones. Sus legendarias tiras fueron traducidas a m\u00e1s de 30 idiomas. Y es que las ocurrencias de Mafalda \u2014inquieta por la educaci\u00f3n, la sociedad, la pol\u00edtica nacional e internacional\u2014 siguen teniendo sorprendente vigencia.<\/p>\n<p align=\"justify\">Por algo el autor argentino Julio Cort\u00e1zar, al ser interrogado sobre lo que pensaba del personaje que lanz\u00f3 a Quino a la fama mundial, brome\u00f3: \u00abEso no tiene la menor importancia. Lo importante es lo que Mafalda piensa de m\u00ed\u00bb.<\/p>\n<p align=\"justify\">Creador de la enemiga ac\u00e9rrima de la sopa pero tambi\u00e9n de muchos otros entra\u00f1ables dibujos, el m\u00e1s universal de los humoristas gr\u00e1ficos argentinos enfrenta al lector con lo absurdo del mundo moderno, la burocracia y las instituciones in\u00fatiles, la hipocres\u00eda del poder y las desigualdades sociales.<\/p>\n<p align=\"justify\">Con m\u00e1s de 50 a\u00f1os de trayectoria, public\u00f3 numerosos libros. Su humor \u00e1cido, que combina pesimismo y ternura, no provoca la carcajada inmediata sino que exige una mirada con atenci\u00f3n.<\/p>\n<p align=\"justify\">Junto con uno de sus maestros, el franc\u00e9s Semp\u00e9, Quino considera que est\u00e1 entre los \u00faltimos exponentes de un humor en extinci\u00f3n, el \u00abhumanista, no contaminado por la s\u00e1tira pol\u00edtica del momento\u00bb.<\/p>\n<p align=\"justify\">A diferencia de otros colegas, que hicieron perdurar sus tiras apoy\u00e1ndose en guionistas, Quino despidi\u00f3 oficialmente a su m\u00e1s c\u00e9lebre personaje en 1973. \u00abSi segu\u00eda con Mafalda, la historieta iba a terminar por liquidar al dibujante\u00bb, explic\u00f3.<\/p>\n<p align=\"justify\">Quino, que adopt\u00f3 en 1990 la nacionalidad espa\u00f1ola, se hizo acreedor de innumerables galardones en todo el mundo.<\/p>\n<p align=\"justify\">En 1976 se traslad\u00f3 con su mujer Alicia a Mil\u00e1n, mientras que en 1980 pas\u00f3 a las p\u00e1ginas de humor de la revista dominical de Clar\u00edn. En 2009, Quino anunci\u00f3 una ausencia temporal. \u00abMe pareci\u00f3 acertado (&#8230;) tomarme un tiempo hasta encontrar alg\u00fan modo de renovar el enfoque de mis ideas o al menos nuevas formas en mi l\u00ednea gr\u00e1fica\u00bb, confes\u00f3.<\/p>\n<p align=\"justify\">Este a\u00f1o Quino sorprendi\u00f3 al sentarse nuevamente en el stand de Ediciones De la Flor \u2014sello que lo publica en Argentina\u2014 para firmar libros en la Feria del Libro de Buenos Aires. Adem\u00e1s, el mes pasado particip\u00f3 de la inauguraci\u00f3n del Museo del Humor (Muhu).<\/p>\n<p align=\"justify\">Mientras se prepara para cumplir medio siglo en 2014, Mafalda ya cuenta en Buenos Aires con su propia plaza, en el barrio de Colegiales, y una estatua, en San Telmo. Desde all\u00ed parece observar a su alrededor y reflexionar nuevamente: \u00ab\u00bfNo ser\u00e1 acaso que esta vida moderna est\u00e1 teniendo m\u00e1s de moderna que de vida?\u00bb <em>FUENTE: LA CAPITAL<\/em><\/p>\n","protected":false},"excerpt":{"rendered":"<p>El dibujante Quino, creador de Mafalda, festejar\u00e1 sus 80 a\u00f1os el pr\u00f3ximo martes 17, mientras el culto [&hellip;]<\/p>\n","protected":false},"author":3,"featured_media":0,"comment_status":"open","ping_status":"open","sticky":false,"template":"","format":"standard","meta":{"_jetpack_memberships_contains_paid_content":false,"footnotes":"","jetpack_publicize_message":"","jetpack_publicize_feature_enabled":true,"jetpack_social_post_already_shared":false,"jetpack_social_options":{"image_generator_settings":{"template":"highway","enabled":false}}},"categories":[1],"tags":[],"jetpack_publicize_connections":[],"jetpack_sharing_enabled":true,"jetpack_featured_media_url":"","_links":{"self":[{"href":"http:\/\/enteculturalsantafesino.com.ar\/usina1\/wp-json\/wp\/v2\/posts\/4493"}],"collection":[{"href":"http:\/\/enteculturalsantafesino.com.ar\/usina1\/wp-json\/wp\/v2\/posts"}],"about":[{"href":"http:\/\/enteculturalsantafesino.com.ar\/usina1\/wp-json\/wp\/v2\/types\/post"}],"author":[{"embeddable":true,"href":"http:\/\/enteculturalsantafesino.com.ar\/usina1\/wp-json\/wp\/v2\/users\/3"}],"replies":[{"embeddable":true,"href":"http:\/\/enteculturalsantafesino.com.ar\/usina1\/wp-json\/wp\/v2\/comments?post=4493"}],"version-history":[{"count":0,"href":"http:\/\/enteculturalsantafesino.com.ar\/usina1\/wp-json\/wp\/v2\/posts\/4493\/revisions"}],"wp:attachment":[{"href":"http:\/\/enteculturalsantafesino.com.ar\/usina1\/wp-json\/wp\/v2\/media?parent=4493"}],"wp:term":[{"taxonomy":"category","embeddable":true,"href":"http:\/\/enteculturalsantafesino.com.ar\/usina1\/wp-json\/wp\/v2\/categories?post=4493"},{"taxonomy":"post_tag","embeddable":true,"href":"http:\/\/enteculturalsantafesino.com.ar\/usina1\/wp-json\/wp\/v2\/tags?post=4493"}],"curies":[{"name":"wp","href":"https:\/\/api.w.org\/{rel}","templated":true}]}}