{"id":4498,"date":"2012-07-16T22:44:11","date_gmt":"2012-07-16T22:44:11","guid":{"rendered":"http:\/\/entecultura.com.ar\/noticias\/?p=4498"},"modified":"2012-07-16T22:44:11","modified_gmt":"2012-07-16T22:44:11","slug":"el-trebol-caco-ansaldi-se-presenta-hoyen-sonando-por-cantar","status":"publish","type":"post","link":"http:\/\/enteculturalsantafesino.com.ar\/usina1\/2012\/07\/el-trebol-caco-ansaldi-se-presenta-hoyen-sonando-por-cantar\/","title":{"rendered":"EL TR\u00c9BOL: \u00abCACO\u00bb ANSALDI SE PRESENTA HOYEN SO\u00d1ANDO POR CANTAR"},"content":{"rendered":"<div>El m\u00fasico de la ciudad vecina, que particip\u00f3 en varios eventos culturales en<a href=\"http:\/\/enteculturalsantafesino.com.ar\/noticias\/wp-content\/uploads\/2012\/07\/caco.jpg\" rel=\"lightbox[4498]\"><img loading=\"lazy\" decoding=\"async\" class=\"alignright size-full wp-image-4499\" title=\"caco\" src=\"http:\/\/enteculturalsantafesino.com.ar\/noticias\/wp-content\/uploads\/2012\/07\/caco.jpg\" alt=\"\" width=\"300\" height=\"250\" \/><\/a><\/div>\n<div>\u00a0Las Rosas y fuera cantante del conocido grupo Rata Blanca, se presentar\u00e1 hoy lunes 16 de Julio en el programa \u201cSo\u00f1ando por Cantar\u201d, que es transmitido por Canal 13, y conduce Mariano Iudica.<\/div>\n<div>Ricardo \u00abCaco\u00bb Ansaldi habl\u00f3 con <a href=\"http:\/\/www.radioeltrebol.com.ar\" target=\"_blank\">FM 90.5 Stereo Vida<\/a> : \u00ab<em>Me llamaron el viernes al mediod\u00eda para confirmarme que el lunes a la 13.00 hs ten\u00eda que presentarme en los estudios de \u201cIdeas del Sur\u201d ,en el barrio de Chacarita. La verdad que esperaba este llamado, ya que uno de los cantantes elegidos el mismo d\u00eda que hicimos el casting, ya le hab\u00eda tocado cantar\u201d.<\/em><\/div>\n<div><\/div>\n<div>Sobre el tema que va a interpretar, coment\u00f3:<em> \u201cVoy a cantar el \u201cHombre del Piano\u201d, es un tema de Billy Joel, pero hago la versi\u00f3n en castellano de Guillermo Guido. Es el mismo tema que cant\u00e9 en el casting, asi que perfecto, es lo que quer\u00eda hacer\u201d.<\/em><\/div>\n<div>Caco tambi\u00e9n expres\u00f3 que si lo invitaban a improvisar algo, iba a realizar un tema in\u00e9dito: <em>\u00abMercedes Benz\u00bb, de Janis Joplin. Es algo in\u00e9dito por eso lo voy a hacer\u201d.<\/em><\/div>\n<div><\/div>\n<div>Preguntado si iba a realizar alg\u00fan tema de Rata Blanca, y recalc\u00f3: <em>\u00abNo quiero sacar chapa, no es mi idea, quiero que me conozcan por Caco Ansaldi y no por que cant\u00e9 en Rata Blanca\u201d.<\/em><\/div>\n<div>Tambi\u00e9n hablamos sobre las sensaciones a horas de subirse a unos de los escenarios m\u00e1s populares de la Argentina: <em>\u00abEstoy muy contento, feliz, esperaba esto, es algo nuevo, una nueva experiencia, de ahora en m\u00e1s me van a conocer m\u00e1s, mi sue\u00f1o es poder vivir de la m\u00fasica y por ello estoy luchando\u201d.<\/em><\/div>\n<hr \/>\n<p>Fuente: <a href=\"http:\/\/www.radioeltrebol.com.ar\" target=\"_blank\">Radio El Trebol<\/a><\/p>\n","protected":false},"excerpt":{"rendered":"<p>El m\u00fasico de la ciudad vecina, que particip\u00f3 en varios eventos culturales en \u00a0Las Rosas y fuera [&hellip;]<\/p>\n","protected":false},"author":3,"featured_media":0,"comment_status":"open","ping_status":"open","sticky":false,"template":"","format":"standard","meta":{"_jetpack_memberships_contains_paid_content":false,"footnotes":"","jetpack_publicize_message":"","jetpack_publicize_feature_enabled":true,"jetpack_social_post_already_shared":false,"jetpack_social_options":{"image_generator_settings":{"template":"highway","enabled":false}}},"categories":[1],"tags":[],"jetpack_publicize_connections":[],"jetpack_sharing_enabled":true,"jetpack_featured_media_url":"","_links":{"self":[{"href":"http:\/\/enteculturalsantafesino.com.ar\/usina1\/wp-json\/wp\/v2\/posts\/4498"}],"collection":[{"href":"http:\/\/enteculturalsantafesino.com.ar\/usina1\/wp-json\/wp\/v2\/posts"}],"about":[{"href":"http:\/\/enteculturalsantafesino.com.ar\/usina1\/wp-json\/wp\/v2\/types\/post"}],"author":[{"embeddable":true,"href":"http:\/\/enteculturalsantafesino.com.ar\/usina1\/wp-json\/wp\/v2\/users\/3"}],"replies":[{"embeddable":true,"href":"http:\/\/enteculturalsantafesino.com.ar\/usina1\/wp-json\/wp\/v2\/comments?post=4498"}],"version-history":[{"count":0,"href":"http:\/\/enteculturalsantafesino.com.ar\/usina1\/wp-json\/wp\/v2\/posts\/4498\/revisions"}],"wp:attachment":[{"href":"http:\/\/enteculturalsantafesino.com.ar\/usina1\/wp-json\/wp\/v2\/media?parent=4498"}],"wp:term":[{"taxonomy":"category","embeddable":true,"href":"http:\/\/enteculturalsantafesino.com.ar\/usina1\/wp-json\/wp\/v2\/categories?post=4498"},{"taxonomy":"post_tag","embeddable":true,"href":"http:\/\/enteculturalsantafesino.com.ar\/usina1\/wp-json\/wp\/v2\/tags?post=4498"}],"curies":[{"name":"wp","href":"https:\/\/api.w.org\/{rel}","templated":true}]}}