{"id":4502,"date":"2012-07-16T22:52:43","date_gmt":"2012-07-16T22:52:43","guid":{"rendered":"http:\/\/entecultura.com.ar\/noticias\/?p=4502"},"modified":"2012-07-16T22:52:43","modified_gmt":"2012-07-16T22:52:43","slug":"sastre-celebra-sus-patronales","status":"publish","type":"post","link":"http:\/\/enteculturalsantafesino.com.ar\/usina1\/2012\/07\/sastre-celebra-sus-patronales\/","title":{"rendered":"SASTRE CELEBRA SUS PATRONALES"},"content":{"rendered":"<p>El s\u00e1bado fue inaugurada una muestra pl\u00e1stica en el Musero. Ayer se<a href=\"http:\/\/enteculturalsantafesino.com.ar\/noticias\/wp-content\/uploads\/2012\/07\/SASATRE-FESTEJOS.jpg\" rel=\"lightbox[4502]\"><img loading=\"lazy\" decoding=\"async\" class=\"alignright size-full wp-image-4503\" title=\"SASATRE FESTEJOS\" src=\"http:\/\/enteculturalsantafesino.com.ar\/noticias\/wp-content\/uploads\/2012\/07\/SASATRE-FESTEJOS.jpg\" alt=\"\" width=\"290\" height=\"200\" \/><\/a><\/p>\n<p>presentaron bandas locales y el espect\u00e1culo \u201cRemembranzas\u201d. Este lunes, actuar\u00e1n alumnos del Liceo, \u201cLos Chai\u00f1as\u201d y Cristi\u00e1n Amado.<\/p>\n<p>La ciudad de Sastre comenz\u00f3 a vivir este fin de semana sus fiestas patronales con una variada programaci\u00f3n cultural organizadas por la Municipalidad local. El s\u00e1bado a la noche fue inaugurada la la Muestra pl\u00e1stica \u00ab(Era) postal: sobre el sobre\u00bb, de Adolfo Nigro.<\/p>\n<p>Actualmente se encuentra en exhibici\u00f3n en el Museo Hist\u00f3rico Municipal \u201cRodolfo Doval Fermi\u201d y permanecer\u00e1 habilitada hasta el 31 de julio.<\/p>\n<p>El acto de apertura cont\u00f3 con la presencia del intendente Rosaldo Gardella, el director del Museo Castagnino, Fernando Farina y el director del Museo Macro, Roberto Echen, de Rosario. Tambi\u00e9n participaron integrantes del Ente de Cultura y un importante marco de p\u00fablico.<\/p>\n<p>A pesar de las condiciones clim\u00e1ticas, con mucho fr\u00edo y por momentos acompa\u00f1ados de lluvias a\u00edsladas, el domingo se realiz\u00f3 la apertura de la 5\u00b0 Feria de Artesanos en plaza Independencia. M\u00e1s de 40 expositores locales y regionales exponen sus creaciones. Entre los stand habilitados, se encuentran alumnos de 5\u00b0 a\u00f1o del Instituto Alberdi, quienes presentan los productos de Chocolater\u00eda mientras que estudiantes de la Escuela T\u00e9cnica \u201cPatricias Mendocinas\u201d exponen Dulces que producen en los talleres.<\/p>\n<p>En el escenario armado frente a la disco Lola, actuaron bandas locales. All\u00ed se presentaron durante la tarde\u00a0 \u201cAbismo\u201d, \u201cCicuta\u201d, \u201cOiga Do\u00f1a\u201d, y el cierre con \u201cBanda Viajera\u201d.<\/p>\n<p>Con muy buen cr\u00edtica, el Ballet de Danzas del Liceo Municipal, present\u00f3 el espect\u00e1culo \u201cRemembranzas\u201d, con m\u00e1s de 30 personas y una brillante puesta en escena. Un gran trabajo de j\u00f3venes y adultos que transmiti\u00f3 diferentes emociones\u00a0 -hasta l\u00e1grimas-, con huellas del pasado que se hicieron presente.<\/p>\n<p>Fueron dos show en Sociedad Italiana con la sala repleta, como hac\u00eda mucho tiempo no se la ve\u00eda, con un \u00e9xito arrollador.<\/p>\n<p>Los festejos de los 126 a\u00f1os de la fundaci\u00f3n de Sastre en conmoraci\u00f3n por el d\u00eda de la \u00abVirgen del Carmen\u00bb, continuar\u00e1 este lunes. Al mediod\u00eda est\u00e1 previsto el almuerzo patronal en el gimnacio del Intituto Alberdi. Habr\u00e1 grupos musicales locales, proyecci\u00f3n de videos, juegos y sorteos.<\/p>\n<p>A las 13, en la plaza se presentar\u00e1n alumnos del Taller de Percusi\u00f3n y de Rirmos del Liceo Municipal, la Murga \u201cPuro Amor\u201d donde estar\u00e1n interactuando al p\u00fablico y la Banda Municipal Infantil.<\/p>\n<p>A las 16.30 est\u00e1 previsto el show de Cristi\u00e1n Amado. El joven cantante, autor y compositor rosarino presentar\u00e1 su cuarto \u00e1lbum \u201cTodo es posible\u201d y una recorrida de sus m\u00e1s grandes \u00e9xitos.<\/p>\n<p>El cierre estar\u00e1 a cargo del Grupo folcl\u00f3rico \u201cLos Chai\u00f1as\u201d.<\/p>\n<p>Habr\u00e1 un importante servicio de buffet a cargo de los centros de Estudiantes y padres de los alumnos del Liceo<\/p>\n","protected":false},"excerpt":{"rendered":"<p>El s\u00e1bado fue inaugurada una muestra pl\u00e1stica en el Musero. Ayer se presentaron bandas locales y el [&hellip;]<\/p>\n","protected":false},"author":3,"featured_media":0,"comment_status":"open","ping_status":"open","sticky":false,"template":"","format":"standard","meta":{"_jetpack_memberships_contains_paid_content":false,"footnotes":"","jetpack_publicize_message":"","jetpack_publicize_feature_enabled":true,"jetpack_social_post_already_shared":false,"jetpack_social_options":{"image_generator_settings":{"template":"highway","enabled":false}}},"categories":[1],"tags":[],"jetpack_publicize_connections":[],"jetpack_sharing_enabled":true,"jetpack_featured_media_url":"","_links":{"self":[{"href":"http:\/\/enteculturalsantafesino.com.ar\/usina1\/wp-json\/wp\/v2\/posts\/4502"}],"collection":[{"href":"http:\/\/enteculturalsantafesino.com.ar\/usina1\/wp-json\/wp\/v2\/posts"}],"about":[{"href":"http:\/\/enteculturalsantafesino.com.ar\/usina1\/wp-json\/wp\/v2\/types\/post"}],"author":[{"embeddable":true,"href":"http:\/\/enteculturalsantafesino.com.ar\/usina1\/wp-json\/wp\/v2\/users\/3"}],"replies":[{"embeddable":true,"href":"http:\/\/enteculturalsantafesino.com.ar\/usina1\/wp-json\/wp\/v2\/comments?post=4502"}],"version-history":[{"count":0,"href":"http:\/\/enteculturalsantafesino.com.ar\/usina1\/wp-json\/wp\/v2\/posts\/4502\/revisions"}],"wp:attachment":[{"href":"http:\/\/enteculturalsantafesino.com.ar\/usina1\/wp-json\/wp\/v2\/media?parent=4502"}],"wp:term":[{"taxonomy":"category","embeddable":true,"href":"http:\/\/enteculturalsantafesino.com.ar\/usina1\/wp-json\/wp\/v2\/categories?post=4502"},{"taxonomy":"post_tag","embeddable":true,"href":"http:\/\/enteculturalsantafesino.com.ar\/usina1\/wp-json\/wp\/v2\/tags?post=4502"}],"curies":[{"name":"wp","href":"https:\/\/api.w.org\/{rel}","templated":true}]}}