{"id":4506,"date":"2012-07-16T22:55:51","date_gmt":"2012-07-16T22:55:51","guid":{"rendered":"http:\/\/entecultura.com.ar\/noticias\/?p=4506"},"modified":"2012-07-16T22:55:51","modified_gmt":"2012-07-16T22:55:51","slug":"maria-susana-un-fin-de-semana-a-pura-patria","status":"publish","type":"post","link":"http:\/\/enteculturalsantafesino.com.ar\/usina1\/2012\/07\/maria-susana-un-fin-de-semana-a-pura-patria\/","title":{"rendered":"MAR\u00cdA SUSANA: UN FIN DE SEMANA A PURA PATRIA"},"content":{"rendered":"<div><span style=\"font-size: medium;\"><span style=\"font-family: Calibri;\">El pasado fin de semana del 9 de Julio se realiz\u00f3 el tradicional acto<a href=\"http:\/\/enteculturalsantafesino.com.ar\/noticias\/wp-content\/uploads\/2012\/07\/maria-susana.jpg\" rel=\"lightbox[4506]\"><img loading=\"lazy\" decoding=\"async\" class=\"alignright size-medium wp-image-4507\" title=\"maria susana\" src=\"http:\/\/enteculturalsantafesino.com.ar\/noticias\/wp-content\/uploads\/2012\/07\/maria-susana-300x251.jpg\" alt=\"\" width=\"300\" height=\"251\" srcset=\"http:\/\/enteculturalsantafesino.com.ar\/usina1\/wp-content\/uploads\/2012\/07\/maria-susana-300x251.jpg 300w, http:\/\/enteculturalsantafesino.com.ar\/usina1\/wp-content\/uploads\/2012\/07\/maria-susana.jpg 407w\" sizes=\"(max-width: 300px) 100vw, 300px\" \/><\/a><\/span><\/span><\/div>\n<div><span style=\"font-size: medium;\"><span style=\"font-family: Calibri;\">\u00a0del d\u00eda de la Independencia en la escuela fiscal N\u00ba 277 Jos\u00e9 de San Mart\u00edn, de la misma participaron instituciones locales, autoridades, alumnos de las diferentes escuelas y hubo una gran participaci\u00f3n de los mismos en diferentes puestas en escenas conmemorando dicho festejo.<\/span><\/span><\/div>\n<div><span style=\"font-size: medium;\"><span style=\"font-family: Calibri;\">Con el mismo fin de rendir tributo a la patria, el domingo 8 de julio se llev\u00f3 a cabo el IV Encuentro de Danzas Folcl\u00f3rica del Centro Oeste Santafecino organizado por la escuela de danzas Folcl\u00f3ricas A\u00f1oranzas, el cual arranc\u00f3 desde la ma\u00f1ana con diferentes talleres de manualidades y de artesan\u00edas para que los concurrentes puedan realizar sus propios dise\u00f1os, durante la tarde los espect\u00e1culos centrales comenzar\u00f3n con un hermoso y colorido desfile por las calles del pueblo que reun\u00ed a todo el p\u00fablico en el sal\u00f3n del Centro Juvenil Agrario donde pudieron verse grandes n\u00fameros art\u00edsticos de diferentes escuelas de toda la regi\u00f3n. Es de destacar el gran esfuerzo y dedicaci\u00f3n que la comisi\u00f3n de padres del grupo A\u00f1oranzas realiz\u00f3 para llevar a delante este festival.<\/span><\/span><\/div>\n","protected":false},"excerpt":{"rendered":"<p>El pasado fin de semana del 9 de Julio se realiz\u00f3 el tradicional acto \u00a0del d\u00eda de [&hellip;]<\/p>\n","protected":false},"author":3,"featured_media":0,"comment_status":"open","ping_status":"open","sticky":false,"template":"","format":"standard","meta":{"_jetpack_memberships_contains_paid_content":false,"footnotes":"","jetpack_publicize_message":"","jetpack_publicize_feature_enabled":true,"jetpack_social_post_already_shared":false,"jetpack_social_options":{"image_generator_settings":{"template":"highway","enabled":false}}},"categories":[1],"tags":[],"jetpack_publicize_connections":[],"jetpack_sharing_enabled":true,"jetpack_featured_media_url":"","_links":{"self":[{"href":"http:\/\/enteculturalsantafesino.com.ar\/usina1\/wp-json\/wp\/v2\/posts\/4506"}],"collection":[{"href":"http:\/\/enteculturalsantafesino.com.ar\/usina1\/wp-json\/wp\/v2\/posts"}],"about":[{"href":"http:\/\/enteculturalsantafesino.com.ar\/usina1\/wp-json\/wp\/v2\/types\/post"}],"author":[{"embeddable":true,"href":"http:\/\/enteculturalsantafesino.com.ar\/usina1\/wp-json\/wp\/v2\/users\/3"}],"replies":[{"embeddable":true,"href":"http:\/\/enteculturalsantafesino.com.ar\/usina1\/wp-json\/wp\/v2\/comments?post=4506"}],"version-history":[{"count":0,"href":"http:\/\/enteculturalsantafesino.com.ar\/usina1\/wp-json\/wp\/v2\/posts\/4506\/revisions"}],"wp:attachment":[{"href":"http:\/\/enteculturalsantafesino.com.ar\/usina1\/wp-json\/wp\/v2\/media?parent=4506"}],"wp:term":[{"taxonomy":"category","embeddable":true,"href":"http:\/\/enteculturalsantafesino.com.ar\/usina1\/wp-json\/wp\/v2\/categories?post=4506"},{"taxonomy":"post_tag","embeddable":true,"href":"http:\/\/enteculturalsantafesino.com.ar\/usina1\/wp-json\/wp\/v2\/tags?post=4506"}],"curies":[{"name":"wp","href":"https:\/\/api.w.org\/{rel}","templated":true}]}}