{"id":4510,"date":"2012-07-16T22:59:06","date_gmt":"2012-07-16T22:59:06","guid":{"rendered":"http:\/\/entecultura.com.ar\/noticias\/?p=4510"},"modified":"2012-07-16T22:59:06","modified_gmt":"2012-07-16T22:59:06","slug":"canada-de-gomez-vacaciones-de-invierno-con-la-muni","status":"publish","type":"post","link":"http:\/\/enteculturalsantafesino.com.ar\/usina1\/2012\/07\/canada-de-gomez-vacaciones-de-invierno-con-la-muni\/","title":{"rendered":"CA\u00d1ADA DE G\u00d3MEZ: VACACIONES DE INVIERNO CON LA MUNI"},"content":{"rendered":"<p>La municipalidad de Ca\u00f1ada de G\u00f3mez invita a disfrutar de las \u201cVacaciones de invierno con <a href=\"http:\/\/enteculturalsantafesino.com.ar\/noticias\/wp-content\/uploads\/2012\/07\/MUNI-INVIERNO.png\" rel=\"lightbox[4510]\"><img loading=\"lazy\" decoding=\"async\" class=\"alignright size-medium wp-image-4511\" title=\"MUNI INVIERNO\" src=\"http:\/\/enteculturalsantafesino.com.ar\/noticias\/wp-content\/uploads\/2012\/07\/MUNI-INVIERNO-187x300.png\" alt=\"\" width=\"187\" height=\"300\" srcset=\"http:\/\/enteculturalsantafesino.com.ar\/usina1\/wp-content\/uploads\/2012\/07\/MUNI-INVIERNO-187x300.png 187w, http:\/\/enteculturalsantafesino.com.ar\/usina1\/wp-content\/uploads\/2012\/07\/MUNI-INVIERNO.png 477w\" sizes=\"(max-width: 187px) 100vw, 187px\" \/><\/a><\/p>\n<p>la muni\u201d. En Casa del bicentenario se proyectar\u00e1 la saga de Harry Potter los d\u00edas martes y jueves, y adem\u00e1s habr\u00e1 juegos y golosinas en el play\u00f3n.<\/p>\n<p>Martes 17 de julio a las 15 hs HARRY POTTER y la piedra filosofal\u201d<\/p>\n<p>Jueves 19 de julio a las 15 hs HARRY POTTER y la c\u00e1mara secreta\u201d<\/p>\n","protected":false},"excerpt":{"rendered":"<p>La municipalidad de Ca\u00f1ada de G\u00f3mez invita a disfrutar de las \u201cVacaciones de invierno con la muni\u201d. [&hellip;]<\/p>\n","protected":false},"author":3,"featured_media":0,"comment_status":"open","ping_status":"open","sticky":false,"template":"","format":"standard","meta":{"_jetpack_memberships_contains_paid_content":false,"footnotes":"","jetpack_publicize_message":"","jetpack_publicize_feature_enabled":true,"jetpack_social_post_already_shared":false,"jetpack_social_options":{"image_generator_settings":{"template":"highway","enabled":false}}},"categories":[1],"tags":[],"jetpack_publicize_connections":[],"jetpack_sharing_enabled":true,"jetpack_featured_media_url":"","_links":{"self":[{"href":"http:\/\/enteculturalsantafesino.com.ar\/usina1\/wp-json\/wp\/v2\/posts\/4510"}],"collection":[{"href":"http:\/\/enteculturalsantafesino.com.ar\/usina1\/wp-json\/wp\/v2\/posts"}],"about":[{"href":"http:\/\/enteculturalsantafesino.com.ar\/usina1\/wp-json\/wp\/v2\/types\/post"}],"author":[{"embeddable":true,"href":"http:\/\/enteculturalsantafesino.com.ar\/usina1\/wp-json\/wp\/v2\/users\/3"}],"replies":[{"embeddable":true,"href":"http:\/\/enteculturalsantafesino.com.ar\/usina1\/wp-json\/wp\/v2\/comments?post=4510"}],"version-history":[{"count":0,"href":"http:\/\/enteculturalsantafesino.com.ar\/usina1\/wp-json\/wp\/v2\/posts\/4510\/revisions"}],"wp:attachment":[{"href":"http:\/\/enteculturalsantafesino.com.ar\/usina1\/wp-json\/wp\/v2\/media?parent=4510"}],"wp:term":[{"taxonomy":"category","embeddable":true,"href":"http:\/\/enteculturalsantafesino.com.ar\/usina1\/wp-json\/wp\/v2\/categories?post=4510"},{"taxonomy":"post_tag","embeddable":true,"href":"http:\/\/enteculturalsantafesino.com.ar\/usina1\/wp-json\/wp\/v2\/tags?post=4510"}],"curies":[{"name":"wp","href":"https:\/\/api.w.org\/{rel}","templated":true}]}}