{"id":453,"date":"2011-08-14T23:36:05","date_gmt":"2011-08-14T23:36:05","guid":{"rendered":"http:\/\/entecultura.com.ar\/noticias\/?p=453"},"modified":"2011-08-14T23:36:05","modified_gmt":"2011-08-14T23:36:05","slug":"se-llevo-a-cabo-libro-nic-en-san-jorge","status":"publish","type":"post","link":"http:\/\/enteculturalsantafesino.com.ar\/usina1\/2011\/08\/se-llevo-a-cabo-libro-nic-en-san-jorge\/","title":{"rendered":"SE LLEV\u00d3 A CABO  \u00abLIBRO NIC\u00bb EN SAN JORGE"},"content":{"rendered":"<p><a href=\"http:\/\/enteculturalsantafesino.com.ar\/noticias\/wp-content\/uploads\/2011\/08\/LIBRO-NIC-S.J..jpg\" rel=\"lightbox[453]\"><img loading=\"lazy\" decoding=\"async\" class=\"alignright size-full wp-image-454\" title=\"LIBRO NIC-S.J.\" src=\"http:\/\/enteculturalsantafesino.com.ar\/noticias\/wp-content\/uploads\/2011\/08\/LIBRO-NIC-S.J..jpg\" alt=\"\" width=\"150\" height=\"112\" \/><\/a>Esta tarde se realiz\u00f3 una nueva edici\u00f3n del \u201cLibro Nic\u201d, organizado por \u201cEl And\u00e9n\u201d en el Sal\u00f3n del Club de Leones Itat\u00ed. Los ni\u00f1os comenzaron con un trabajo f\u00edsico a cargo de la Profesora Mariana Fabro y continuaron con la lectura habitual.<\/p>\n<p>Se dividieron en grupos donde las abuelas Cuenta Cuentos e integrantes del\u00a0 Rinc\u00f3n Literario leyeron diferentes cuentos elegidos por los ni\u00f1os.<\/p>\n","protected":false},"excerpt":{"rendered":"<p>Esta tarde se realiz\u00f3 una nueva edici\u00f3n del \u201cLibro Nic\u201d, organizado por \u201cEl And\u00e9n\u201d en el Sal\u00f3n [&hellip;]<\/p>\n","protected":false},"author":3,"featured_media":0,"comment_status":"open","ping_status":"open","sticky":false,"template":"","format":"standard","meta":{"_jetpack_memberships_contains_paid_content":false,"footnotes":"","jetpack_publicize_message":"","jetpack_publicize_feature_enabled":true,"jetpack_social_post_already_shared":false,"jetpack_social_options":{"image_generator_settings":{"template":"highway","enabled":false}}},"categories":[15,4],"tags":[],"jetpack_publicize_connections":[],"jetpack_sharing_enabled":true,"jetpack_featured_media_url":"","_links":{"self":[{"href":"http:\/\/enteculturalsantafesino.com.ar\/usina1\/wp-json\/wp\/v2\/posts\/453"}],"collection":[{"href":"http:\/\/enteculturalsantafesino.com.ar\/usina1\/wp-json\/wp\/v2\/posts"}],"about":[{"href":"http:\/\/enteculturalsantafesino.com.ar\/usina1\/wp-json\/wp\/v2\/types\/post"}],"author":[{"embeddable":true,"href":"http:\/\/enteculturalsantafesino.com.ar\/usina1\/wp-json\/wp\/v2\/users\/3"}],"replies":[{"embeddable":true,"href":"http:\/\/enteculturalsantafesino.com.ar\/usina1\/wp-json\/wp\/v2\/comments?post=453"}],"version-history":[{"count":0,"href":"http:\/\/enteculturalsantafesino.com.ar\/usina1\/wp-json\/wp\/v2\/posts\/453\/revisions"}],"wp:attachment":[{"href":"http:\/\/enteculturalsantafesino.com.ar\/usina1\/wp-json\/wp\/v2\/media?parent=453"}],"wp:term":[{"taxonomy":"category","embeddable":true,"href":"http:\/\/enteculturalsantafesino.com.ar\/usina1\/wp-json\/wp\/v2\/categories?post=453"},{"taxonomy":"post_tag","embeddable":true,"href":"http:\/\/enteculturalsantafesino.com.ar\/usina1\/wp-json\/wp\/v2\/tags?post=453"}],"curies":[{"name":"wp","href":"https:\/\/api.w.org\/{rel}","templated":true}]}}