{"id":6138,"date":"2012-09-23T17:49:30","date_gmt":"2012-09-23T17:49:30","guid":{"rendered":"http:\/\/entecultura.com.ar\/noticias\/?p=6138"},"modified":"2012-09-23T17:49:30","modified_gmt":"2012-09-23T17:49:30","slug":"el-historiador-hugo-chumbita-diserto-en-la-casa-del-bicentenario","status":"publish","type":"post","link":"http:\/\/enteculturalsantafesino.com.ar\/usina1\/2012\/09\/el-historiador-hugo-chumbita-diserto-en-la-casa-del-bicentenario\/","title":{"rendered":"EL HISTORIADOR HUGO CHUMBITA DISERT\u00d3 EN LA CASA DEL BICENTENARIO"},"content":{"rendered":"<table width=\"475\" border=\"0\" bgcolor=\"#ffffff\">\n<tbody>\n<tr>\n<td align=\"left\"><strong>El escritor del Instituto <a href=\"http:\/\/enteculturalsantafesino.com.ar\/noticias\/wp-content\/uploads\/2012\/09\/CHUMBITA-MOZZONI.jpg\" rel=\"lightbox[6138]\"><img loading=\"lazy\" decoding=\"async\" class=\"alignright size-medium wp-image-6139\" title=\"CHUMBITA MOZZONI\" src=\"http:\/\/enteculturalsantafesino.com.ar\/noticias\/wp-content\/uploads\/2012\/09\/CHUMBITA-MOZZONI-300x225.jpg\" alt=\"\" width=\"300\" height=\"225\" srcset=\"http:\/\/enteculturalsantafesino.com.ar\/usina1\/wp-content\/uploads\/2012\/09\/CHUMBITA-MOZZONI-300x225.jpg 300w, http:\/\/enteculturalsantafesino.com.ar\/usina1\/wp-content\/uploads\/2012\/09\/CHUMBITA-MOZZONI.jpg 960w\" sizes=\"(max-width: 300px) 100vw, 300px\" \/><\/a><\/strong><\/p>\n<p><strong>de Revisionismo Hist\u00f3rico Manuel Dorrego brind\u00f3 una charla\u00a0 en la Casa del Bicentenario. La secretaria de Gobierno Carina Mozzoni otorg\u00f3 un reconocimiento al destacado historiador.<\/strong><\/td>\n<\/tr>\n<tr>\n<td id=\"cuerpo\" align=\"left\">El reconocido historiador revisionista Hugo Chumbita disert\u00f3 en la Casa del Bicentenario y present\u00f3 su \u00faltimo trabajo audiovisual, \u201cLa causa perdida del Comandante Severo Chumbita\u201d,\u00a0 referido a su abuelo, coronel de los ej\u00e9rcitos rebeldes del Chacho Pe\u00f1aloza y de Felipe Varela. En el encuentro organizado por la Municipalidad de Ca\u00f1ada de G\u00f3mez, estuvieron presentes el secretario de producci\u00f3n Marcelo Cogno y la secretaria de gobierno Carina Mozzoni, quien entreg\u00f3 un reconocimiento institucional al escritor.<br \/>\nEl documental que present\u00f3 Chumbita narra la historia de su abuelo,\u00a0 quien particip\u00f3 en todos los levantamientos que inflamaron las provincias del noroeste entre 1862 y 1868. Fue uno de los jefes de las milicias montoneras que, tras resistir la invasi\u00f3n de los vencedores de Pav\u00f3n, siguieron combatiendo para restablecer la Confederaci\u00f3n y detener la guerra al Paraguay, bajo la bandera de \u00abla Uni\u00f3n Americana\u00bb. As\u00ed fueron cayendo uno tras otro los continuadores de Facundo, se\u00f1alados por Sarmiento, y \u00e9l fue el \u00fanico sobreviviente que lleg\u00f3 a ser enjuiciado y sentenciado por la Corte Suprema de la Naci\u00f3n.<br \/>\nEl historiador miembro del Instituto Dorrego mantuvo un dialogo con los asistentes a la charla, quienes pudieron adentrarse en muchos aspectos desconocidos de la historia nacional.<\/td>\n<\/tr>\n<\/tbody>\n<\/table>\n","protected":false},"excerpt":{"rendered":"<p>El escritor del Instituto de Revisionismo Hist\u00f3rico Manuel Dorrego brind\u00f3 una charla\u00a0 en la Casa del Bicentenario. [&hellip;]<\/p>\n","protected":false},"author":3,"featured_media":0,"comment_status":"open","ping_status":"open","sticky":false,"template":"","format":"standard","meta":{"_jetpack_memberships_contains_paid_content":false,"footnotes":"","jetpack_publicize_message":"","jetpack_publicize_feature_enabled":true,"jetpack_social_post_already_shared":false,"jetpack_social_options":{"image_generator_settings":{"template":"highway","enabled":false}}},"categories":[11],"tags":[],"jetpack_publicize_connections":[],"jetpack_sharing_enabled":true,"jetpack_featured_media_url":"","_links":{"self":[{"href":"http:\/\/enteculturalsantafesino.com.ar\/usina1\/wp-json\/wp\/v2\/posts\/6138"}],"collection":[{"href":"http:\/\/enteculturalsantafesino.com.ar\/usina1\/wp-json\/wp\/v2\/posts"}],"about":[{"href":"http:\/\/enteculturalsantafesino.com.ar\/usina1\/wp-json\/wp\/v2\/types\/post"}],"author":[{"embeddable":true,"href":"http:\/\/enteculturalsantafesino.com.ar\/usina1\/wp-json\/wp\/v2\/users\/3"}],"replies":[{"embeddable":true,"href":"http:\/\/enteculturalsantafesino.com.ar\/usina1\/wp-json\/wp\/v2\/comments?post=6138"}],"version-history":[{"count":0,"href":"http:\/\/enteculturalsantafesino.com.ar\/usina1\/wp-json\/wp\/v2\/posts\/6138\/revisions"}],"wp:attachment":[{"href":"http:\/\/enteculturalsantafesino.com.ar\/usina1\/wp-json\/wp\/v2\/media?parent=6138"}],"wp:term":[{"taxonomy":"category","embeddable":true,"href":"http:\/\/enteculturalsantafesino.com.ar\/usina1\/wp-json\/wp\/v2\/categories?post=6138"},{"taxonomy":"post_tag","embeddable":true,"href":"http:\/\/enteculturalsantafesino.com.ar\/usina1\/wp-json\/wp\/v2\/tags?post=6138"}],"curies":[{"name":"wp","href":"https:\/\/api.w.org\/{rel}","templated":true}]}}