{"id":6141,"date":"2012-09-23T18:09:39","date_gmt":"2012-09-23T18:09:39","guid":{"rendered":"http:\/\/entecultura.com.ar\/noticias\/?p=6141"},"modified":"2012-09-24T21:31:50","modified_gmt":"2012-09-24T21:31:50","slug":"bouquet-festejo-el-dia-de-la-primavera","status":"publish","type":"post","link":"http:\/\/enteculturalsantafesino.com.ar\/usina1\/2012\/09\/bouquet-festejo-el-dia-de-la-primavera\/","title":{"rendered":"BOUQUET FESTEJ\u00d3 EL D\u00cdA DE LA PRIMAVERA"},"content":{"rendered":"<p>En la ma\u00f1ana del 22; arranc\u00f3 en <em><strong>Bouquet el festejo del D\u00eda de<a href=\"http:\/\/enteculturalsantafesino.com.ar\/noticias\/wp-content\/uploads\/2012\/09\/PRIMAVERA-1-BOU1.jpg\" rel=\"lightbox[6141]\"><img loading=\"lazy\" decoding=\"async\" class=\"alignright size-medium wp-image-6145\" title=\"PRIMAVERA 1 BOU\" src=\"http:\/\/enteculturalsantafesino.com.ar\/noticias\/wp-content\/uploads\/2012\/09\/PRIMAVERA-1-BOU1-300x225.jpg\" alt=\"\" width=\"300\" height=\"225\" srcset=\"http:\/\/enteculturalsantafesino.com.ar\/usina1\/wp-content\/uploads\/2012\/09\/PRIMAVERA-1-BOU1-300x225.jpg 300w, http:\/\/enteculturalsantafesino.com.ar\/usina1\/wp-content\/uploads\/2012\/09\/PRIMAVERA-1-BOU1.jpg 960w\" sizes=\"(max-width: 300px) 100vw, 300px\" \/><\/a><\/strong><\/em><\/p>\n<p><em><strong>\u00a0la Primavera<\/strong><\/em>; aproximadamente a las 11.30 hs ya se comenzaba a preparar el buffet, para dar la bienvenida a la gente que se comenzaba a acercar.<\/p>\n<p>A la hora de la siesta, abri\u00f3 la tarde, el Grupo local <strong>\u00abLos del futuro\u00bb,\u00a0<\/strong>( folclore), avivando la fiesta ,luego fue el turno de <strong>Nepal<\/strong>, que deleit\u00f3 con sus canciones e hizo que cantaran todos. El parque, frente al ferrocarril, se comenzaba a llenar; con familias que llegaban con sus reposeras y el equipo de mate y los j\u00f3venes que se agrupaban .<\/p>\n<p>Hasta que lleg\u00f3 el momento de <strong>ME GUSTA CARMELA<\/strong>; que con su rock atrap\u00f3 al p\u00fablico, que los escuchaban atentos y vitoreaban en algunos temas.<\/p>\n<p>El cierre estuvo a cargo de <strong>EL IDEAL<\/strong>, todos entre saltos y baile, <a href=\"http:\/\/enteculturalsantafesino.com.ar\/noticias\/wp-content\/uploads\/2012\/09\/PRIMAVERA-BOU2.jpg\" rel=\"lightbox[6141]\"><img loading=\"lazy\" decoding=\"async\" class=\"alignright size-medium wp-image-6144\" title=\"PRIMAVERA BOU2\" src=\"http:\/\/enteculturalsantafesino.com.ar\/noticias\/wp-content\/uploads\/2012\/09\/PRIMAVERA-BOU2-300x225.jpg\" alt=\"\" width=\"300\" height=\"225\" srcset=\"http:\/\/enteculturalsantafesino.com.ar\/usina1\/wp-content\/uploads\/2012\/09\/PRIMAVERA-BOU2-300x225.jpg 300w, http:\/\/enteculturalsantafesino.com.ar\/usina1\/wp-content\/uploads\/2012\/09\/PRIMAVERA-BOU2.jpg 960w\" sizes=\"(max-width: 300px) 100vw, 300px\" \/><\/a><\/p>\n<p>iban dando por finalizada la jornada.<\/p>\n<p><strong><em>Los chicos\u00a0de\u00a0\u00abJuventud en\u00a0Movimiento\u00bb<\/em><\/strong>, animaron\u00a0 el d\u00eda, invitando a todos a participar, en un intercambio entre el p\u00fablico, que alegro a todos. Unas 400 personas se hicieron presente para darle la bienvenida a la primavera durando hasta las 21.00 hs aproximadamente; cuando los \u00faltimos grupos, comenzaban a partir hacia sus hogares.<\/p>\n","protected":false},"excerpt":{"rendered":"<p>En la ma\u00f1ana del 22; arranc\u00f3 en Bouquet el festejo del D\u00eda de \u00a0la Primavera; aproximadamente a [&hellip;]<\/p>\n","protected":false},"author":3,"featured_media":0,"comment_status":"open","ping_status":"open","sticky":false,"template":"","format":"standard","meta":{"_jetpack_memberships_contains_paid_content":false,"footnotes":"","jetpack_publicize_message":"","jetpack_publicize_feature_enabled":true,"jetpack_social_post_already_shared":false,"jetpack_social_options":{"image_generator_settings":{"template":"highway","enabled":false}}},"categories":[25],"tags":[],"jetpack_publicize_connections":[],"jetpack_sharing_enabled":true,"jetpack_featured_media_url":"","_links":{"self":[{"href":"http:\/\/enteculturalsantafesino.com.ar\/usina1\/wp-json\/wp\/v2\/posts\/6141"}],"collection":[{"href":"http:\/\/enteculturalsantafesino.com.ar\/usina1\/wp-json\/wp\/v2\/posts"}],"about":[{"href":"http:\/\/enteculturalsantafesino.com.ar\/usina1\/wp-json\/wp\/v2\/types\/post"}],"author":[{"embeddable":true,"href":"http:\/\/enteculturalsantafesino.com.ar\/usina1\/wp-json\/wp\/v2\/users\/3"}],"replies":[{"embeddable":true,"href":"http:\/\/enteculturalsantafesino.com.ar\/usina1\/wp-json\/wp\/v2\/comments?post=6141"}],"version-history":[{"count":0,"href":"http:\/\/enteculturalsantafesino.com.ar\/usina1\/wp-json\/wp\/v2\/posts\/6141\/revisions"}],"wp:attachment":[{"href":"http:\/\/enteculturalsantafesino.com.ar\/usina1\/wp-json\/wp\/v2\/media?parent=6141"}],"wp:term":[{"taxonomy":"category","embeddable":true,"href":"http:\/\/enteculturalsantafesino.com.ar\/usina1\/wp-json\/wp\/v2\/categories?post=6141"},{"taxonomy":"post_tag","embeddable":true,"href":"http:\/\/enteculturalsantafesino.com.ar\/usina1\/wp-json\/wp\/v2\/tags?post=6141"}],"curies":[{"name":"wp","href":"https:\/\/api.w.org\/{rel}","templated":true}]}}