{"id":6148,"date":"2012-09-23T18:36:21","date_gmt":"2012-09-23T18:36:21","guid":{"rendered":"http:\/\/entecultura.com.ar\/noticias\/?p=6148"},"modified":"2012-09-23T18:36:49","modified_gmt":"2012-09-23T18:36:49","slug":"san-genarollega-rock-live-2012","status":"publish","type":"post","link":"http:\/\/enteculturalsantafesino.com.ar\/usina1\/2012\/09\/san-genarollega-rock-live-2012\/","title":{"rendered":"SAN GENARO:LLEGA ROCK LIVE  2012"},"content":{"rendered":"<p>Con la presencia de las m\u00e1ximas autoridades de la ciudad,organizadores, sponsors,<a href=\"http:\/\/enteculturalsantafesino.com.ar\/noticias\/wp-content\/uploads\/2012\/09\/ROCK-LIVE.jpg\" rel=\"lightbox[6148]\"><img loading=\"lazy\" decoding=\"async\" class=\"alignright size-medium wp-image-6151\" title=\"ROCK LIVE\" src=\"http:\/\/enteculturalsantafesino.com.ar\/noticias\/wp-content\/uploads\/2012\/09\/ROCK-LIVE-195x300.jpg\" alt=\"\" width=\"195\" height=\"300\" srcset=\"http:\/\/enteculturalsantafesino.com.ar\/usina1\/wp-content\/uploads\/2012\/09\/ROCK-LIVE-195x300.jpg 195w, http:\/\/enteculturalsantafesino.com.ar\/usina1\/wp-content\/uploads\/2012\/09\/ROCK-LIVE.jpg 627w\" sizes=\"(max-width: 195px) 100vw, 195px\" \/><\/a><\/p>\n<p>m\u00fasicos de bandas, medios de comunicaci\u00f3n, se lanzo el ROCKLIVE 2012 en una conferencia de prensa.<\/p>\n<p><strong>SABADO 20 DE OCTUBRE |DESDE LAS 18.30 HS AV. ROQUE SAENZ PE\u00d1A Y RUTA PROVINCIAL N\u00b065<\/strong><\/p>\n<div><em>SHOW EN VIVO DE 10 BANDAS\u00a0 AL AIRE LIBRE | GRAN ESCENARIO | SONIDO | ILUMINACION | PROYECCIONES | MUCHAS SORPRESAS| <\/em><\/div>\n<div><\/div>\n<div><\/div>\n<div><em>LINE UP: 18:30 HS: APERTURA FORMAL 19:00 HS: SILENCIO DE NEGRA 19:45 HS: VUELOS ROCK 20:30 HS: MR HYDE 21:15 HS: LA MATIENZO (COVERS NO TE VA GUSTAR) 22:00 HS: NEXO BANDA 22:45 HS: EL ROIDO 23:30 HS: LA INEFABLE 24:15 HS: KM 40 01:00 HS: EL BURGO 01:45 HS: DERECHO DE PISO<\/em><\/div>\n<div><\/div>\n<div><\/div>\n<div>\u00a0<em><strong>CONDUCE: SEBASTIAN ONETO | FM VIDA ANTICIPADAS EN VENTA | PRIMERAS 1000 SOLO $15<\/strong> <a href=\"http:\/\/enteculturalsantafesino.com.ar\/noticias\/wp-content\/uploads\/2012\/09\/CONFERENCIA-ROCK.jpg\" rel=\"lightbox[6148]\"><img loading=\"lazy\" decoding=\"async\" class=\"alignright size-medium wp-image-6150\" title=\"CONFERENCIA ROCK\" src=\"http:\/\/enteculturalsantafesino.com.ar\/noticias\/wp-content\/uploads\/2012\/09\/CONFERENCIA-ROCK-300x226.jpg\" alt=\"\" width=\"300\" height=\"226\" srcset=\"http:\/\/enteculturalsantafesino.com.ar\/usina1\/wp-content\/uploads\/2012\/09\/CONFERENCIA-ROCK-300x226.jpg 300w, http:\/\/enteculturalsantafesino.com.ar\/usina1\/wp-content\/uploads\/2012\/09\/CONFERENCIA-ROCK.jpg 960w\" sizes=\"(max-width: 300px) 100vw, 300px\" \/><\/a><\/em><\/div>\n","protected":false},"excerpt":{"rendered":"<p>Con la presencia de las m\u00e1ximas autoridades de la ciudad,organizadores, sponsors, m\u00fasicos de bandas, medios de comunicaci\u00f3n, [&hellip;]<\/p>\n","protected":false},"author":3,"featured_media":0,"comment_status":"open","ping_status":"open","sticky":false,"template":"","format":"standard","meta":{"_jetpack_memberships_contains_paid_content":false,"footnotes":"","jetpack_publicize_message":"","jetpack_publicize_feature_enabled":true,"jetpack_social_post_already_shared":false,"jetpack_social_options":{"image_generator_settings":{"template":"highway","enabled":false}}},"categories":[1,28],"tags":[],"jetpack_publicize_connections":[],"jetpack_sharing_enabled":true,"jetpack_featured_media_url":"","_links":{"self":[{"href":"http:\/\/enteculturalsantafesino.com.ar\/usina1\/wp-json\/wp\/v2\/posts\/6148"}],"collection":[{"href":"http:\/\/enteculturalsantafesino.com.ar\/usina1\/wp-json\/wp\/v2\/posts"}],"about":[{"href":"http:\/\/enteculturalsantafesino.com.ar\/usina1\/wp-json\/wp\/v2\/types\/post"}],"author":[{"embeddable":true,"href":"http:\/\/enteculturalsantafesino.com.ar\/usina1\/wp-json\/wp\/v2\/users\/3"}],"replies":[{"embeddable":true,"href":"http:\/\/enteculturalsantafesino.com.ar\/usina1\/wp-json\/wp\/v2\/comments?post=6148"}],"version-history":[{"count":0,"href":"http:\/\/enteculturalsantafesino.com.ar\/usina1\/wp-json\/wp\/v2\/posts\/6148\/revisions"}],"wp:attachment":[{"href":"http:\/\/enteculturalsantafesino.com.ar\/usina1\/wp-json\/wp\/v2\/media?parent=6148"}],"wp:term":[{"taxonomy":"category","embeddable":true,"href":"http:\/\/enteculturalsantafesino.com.ar\/usina1\/wp-json\/wp\/v2\/categories?post=6148"},{"taxonomy":"post_tag","embeddable":true,"href":"http:\/\/enteculturalsantafesino.com.ar\/usina1\/wp-json\/wp\/v2\/tags?post=6148"}],"curies":[{"name":"wp","href":"https:\/\/api.w.org\/{rel}","templated":true}]}}