{"id":636,"date":"2011-08-24T15:07:54","date_gmt":"2011-08-24T15:07:54","guid":{"rendered":"http:\/\/entecultura.com.ar\/noticias\/?p=636"},"modified":"2011-08-24T15:08:43","modified_gmt":"2011-08-24T15:08:43","slug":"catalina-gabriel-se-presenta-en-canada-de-gomez","status":"publish","type":"post","link":"http:\/\/enteculturalsantafesino.com.ar\/usina1\/2011\/08\/catalina-gabriel-se-presenta-en-canada-de-gomez\/","title":{"rendered":"CATALINA GABRIEL SE PRESENTA EN CA\u00d1ADA DE G\u00d3MEZ"},"content":{"rendered":"<p><a href=\"http:\/\/enteculturalsantafesino.com.ar\/noticias\/wp-content\/uploads\/2011\/08\/CATALINA-GABRIEL.jpg\" rel=\"lightbox[636]\"><img loading=\"lazy\" decoding=\"async\" class=\"alignright size-medium wp-image-638\" title=\"CATALINA GABRIEL\" src=\"http:\/\/enteculturalsantafesino.com.ar\/noticias\/wp-content\/uploads\/2011\/08\/CATALINA-GABRIEL-300x163.jpg\" alt=\"\" width=\"300\" height=\"163\" srcset=\"http:\/\/enteculturalsantafesino.com.ar\/usina1\/wp-content\/uploads\/2011\/08\/CATALINA-GABRIEL-300x163.jpg 300w, http:\/\/enteculturalsantafesino.com.ar\/usina1\/wp-content\/uploads\/2011\/08\/CATALINA-GABRIEL.jpg 465w\" sizes=\"(max-width: 300px) 100vw, 300px\" \/><\/a>La actuaci\u00f3n de Catalina en el Caf\u00e9 Madrid ya se ha convertido en una sana costumbre, llenando sala cada vez, y este a\u00f1o incursionar\u00e1 adem\u00e1s en la sala de la Casa del Bicentenario.<br \/>\nEste mi\u00e9rcoles 21.30 lo har\u00e1 en Caf\u00e9 Madrid, y el s\u00e1bado a la misma hora ser\u00e1 en el sal\u00f3n municipal.<br \/>\n<em>El parte fr\u00edo nos dice que es nacida en Alemania, en 1989, de padres ca\u00f1adenses. Vive actualmente en Madrid, donde ha estudiado comedia musical y donde sigue sus estudios superiores de canto moderno y m\u00fasica. Con una formaci\u00f3n de jazz, incursiona adem\u00e1s en diversos estilos como blues, rock , tango y m\u00fasicas populares. Ha actuado en diversos bares y teatros en Madrid y el Escorial y ocasionalmente en televisi\u00f3n.<\/em><br \/>\nA eso se puede agregar que pertenece a una familia que, por muchos motivos est\u00e1 insertada en la ciudad a pesar de que buena parte del a\u00f1o habita otras latitudes. Los padres, Cali, Adriana,\u00a0 y los hermanos de Cata, est\u00e1n all\u00e1, pero tambi\u00e9n aqu\u00ed.<br \/>\nLa cantante estar\u00e1 acompa\u00f1ada por m\u00fasicos locales agrupados en la ocasional CG Wonder Band, donde est\u00e1n padre en piano, hermano en percusi\u00f3n y t\u00edo (Gonzalo de la Fuente) en guitarra, m\u00e1s Daniel V\u00e9lez en bajo.<\/p>\n","protected":false},"excerpt":{"rendered":"<p>La actuaci\u00f3n de Catalina en el Caf\u00e9 Madrid ya se ha convertido en una sana costumbre, llenando [&hellip;]<\/p>\n","protected":false},"author":3,"featured_media":0,"comment_status":"open","ping_status":"open","sticky":false,"template":"","format":"standard","meta":{"_jetpack_memberships_contains_paid_content":false,"footnotes":"","jetpack_publicize_message":"","jetpack_publicize_feature_enabled":true,"jetpack_social_post_already_shared":false,"jetpack_social_options":{"image_generator_settings":{"template":"highway","enabled":false}}},"categories":[15,11,4,6],"tags":[],"jetpack_publicize_connections":[],"jetpack_sharing_enabled":true,"jetpack_featured_media_url":"","_links":{"self":[{"href":"http:\/\/enteculturalsantafesino.com.ar\/usina1\/wp-json\/wp\/v2\/posts\/636"}],"collection":[{"href":"http:\/\/enteculturalsantafesino.com.ar\/usina1\/wp-json\/wp\/v2\/posts"}],"about":[{"href":"http:\/\/enteculturalsantafesino.com.ar\/usina1\/wp-json\/wp\/v2\/types\/post"}],"author":[{"embeddable":true,"href":"http:\/\/enteculturalsantafesino.com.ar\/usina1\/wp-json\/wp\/v2\/users\/3"}],"replies":[{"embeddable":true,"href":"http:\/\/enteculturalsantafesino.com.ar\/usina1\/wp-json\/wp\/v2\/comments?post=636"}],"version-history":[{"count":0,"href":"http:\/\/enteculturalsantafesino.com.ar\/usina1\/wp-json\/wp\/v2\/posts\/636\/revisions"}],"wp:attachment":[{"href":"http:\/\/enteculturalsantafesino.com.ar\/usina1\/wp-json\/wp\/v2\/media?parent=636"}],"wp:term":[{"taxonomy":"category","embeddable":true,"href":"http:\/\/enteculturalsantafesino.com.ar\/usina1\/wp-json\/wp\/v2\/categories?post=636"},{"taxonomy":"post_tag","embeddable":true,"href":"http:\/\/enteculturalsantafesino.com.ar\/usina1\/wp-json\/wp\/v2\/tags?post=636"}],"curies":[{"name":"wp","href":"https:\/\/api.w.org\/{rel}","templated":true}]}}