{"id":644,"date":"2011-08-24T15:20:21","date_gmt":"2011-08-24T15:20:21","guid":{"rendered":"http:\/\/entecultura.com.ar\/noticias\/?p=644"},"modified":"2011-08-24T15:20:21","modified_gmt":"2011-08-24T15:20:21","slug":"1era-muestra-itinerante-de-fotografia-internacional","status":"publish","type":"post","link":"http:\/\/enteculturalsantafesino.com.ar\/usina1\/2011\/08\/1era-muestra-itinerante-de-fotografia-internacional\/","title":{"rendered":"1ERA. MUESTRA ITINERANTE DE FOTOGRAF\u00cdA INTERNACIONAL"},"content":{"rendered":"<p><img decoding=\"async\" class=\"alignright\" src=\"http:\/\/profile.ak.fbcdn.net\/hprofile-ak-snc4\/276439_211695975552743_3085720_n.jpg\" alt=\"\" \/>Desde el viernes 26 de agosto, en los horarios de 20 a 23hs en las instalaciones del Museo Municipal se llevar\u00e1 a cabo la Muestra Intinerante Internacional denominada Sencillamente a cargo de Rafael D\u00edaz junto a 145 autores de diferentes pa\u00edses. La Secretar\u00eda de Cultura de El Tr\u00e9bol invita a todos a este evento que realza la agenda cultural de nuestra regi\u00f3n.-<\/p>\n<div>\n<div>\n<div>\n<div>\n<div id=\"6003685476307-id_4e5515351bd069233070923\">\n<div><\/div>\n<\/div>\n<\/div>\n<\/div>\n<\/div>\n<\/div>\n<p><iframe loading=\"lazy\" src=\"\/ai.php?aed=AQJz5pcPfBpX3bqW9rptJVCIYxBHUzl-sTnpUpwTRJAw8yrIAPJLBa14jYKObsisabV7-UrScW-8sS5-yos1SCCyu2bBazduunybdb-BeZ6U4ZE3nxVyJfOPXqdPXQ0QNhMCy3GJg840ODyN2fujrcPt7cGVCNJx33u94G5I38fsmgXb5yIfy_sUAGfIQwr7AtoNEZ3qdll4BSg2-AMgdjrQFLsZu2dKZksjddKHvi-FwkzduPiCO_XDeHFHjuap4HY5RTjlmCAhJaplbJxsPm3sV9YKN2JB3Rajx6njZwCQdcmStuBEj08tVjGWs2_f7uUwkcPwUlpLy2Ynek5PJju8_ky_V8BosTicx96P440Jr9ZlG-fYeugZjq3QLizwavIvyYxedlOCVXTUL96LhbZiJ79Uxh88mXGwofYbh1gdA23LzTxYnuao2P0r-3y68wCW3dI41hE2RdwV5iFZZ1fWspQHXvL5dY3avfxqBGHna7RlwXLfPNFeUVqZs5Z1XJxftXJGcPx1uyL0zTMxq-d6hSPPcKI2ge1iRAnwsVQuzvNU_CKRnfoTqbgOnrp0fCogQTAMnUVgVIEG9l7mRdr5Y1hBfujHFGgTZE2mF9sEGwRFxbV3QwH14loXHtU6JtOLSaPhHZC0wWnhzE5M5zsw_Veaqr3do6y6uACnzMGc-FRj61P768riuIM5RO_E_ZwGwdKvirCjYPB-f2Z8Pi7r-MDITjj2EUIV4cAP25eRJiKEeehTDIoj-09SqmGyagOnc908kvzpRZGDtvk4DFb7KhLARPiDMI_156wjDr1B3c8XU9NqX4kbGbcgA3ENnEBZcLT_4nh0_7bFktKX8oO6GqQlMSxDc0t6BzeZBLsUkEEKNUP-wrdeoLTXzQ7zzq5szaFfCCHBJeZYz3idzfBgXyBeijyyzuuU9Sd96unDh4Z641HEoFFSKCILRzAuj1X9Evp5N7zdwPh1RDJNMA794gzcmMCCefAi7CAomGnuFpDkae7FeFQ_UOOmKcnLkvJG_Lp6I5GGj85IiQ1tI5RwdzajWg3hs5c1inEGBA94bvnpCRfrr19dn5cnxd_XnWdON3AgbTqwTeXMqvJKyYFE7p4rPwGmPotzWxP5M5APCVTZcBdq0oTzmXmua29pVEUDkv5Mo6d8e_-WBu0oBdyJ_rdFmQPhMhUj454qGFFtppeE9lzJHmbovCLSj383Rg31Gcw9jaU0Qanqp-sIkcLsPBPMetUxkydaoAP1kGJXcIZpGwatBef_poXXivTtGKw4fMwvjdCzxxv7Madoj7PmPqvQGV2PDW94x0ozjDJxioEhOudp3ium-UmKGMKaVXMoGICGyebcwzBgH_k43Hy3\" frameborder=\"0\" scrolling=\"no\" width=\"0\" height=\"0\"><\/iframe><\/p>\n<div id=\"contentArea\">\n<div id=\"event_photo_set_pagelet\"><\/div>\n<div id=\"event_info_pagelet\" data-referrer=\"event_info_pagelet\"><\/div>\n<\/div>\n","protected":false},"excerpt":{"rendered":"<p>Desde el viernes 26 de agosto, en los horarios de 20 a 23hs en las instalaciones del [&hellip;]<\/p>\n","protected":false},"author":3,"featured_media":0,"comment_status":"open","ping_status":"open","sticky":false,"template":"","format":"standard","meta":{"_jetpack_memberships_contains_paid_content":false,"footnotes":"","jetpack_publicize_message":"","jetpack_publicize_feature_enabled":true,"jetpack_social_post_already_shared":false,"jetpack_social_options":{"image_generator_settings":{"template":"highway","enabled":false}}},"categories":[15,18,4,6],"tags":[],"jetpack_publicize_connections":[],"jetpack_sharing_enabled":true,"jetpack_featured_media_url":"","_links":{"self":[{"href":"http:\/\/enteculturalsantafesino.com.ar\/usina1\/wp-json\/wp\/v2\/posts\/644"}],"collection":[{"href":"http:\/\/enteculturalsantafesino.com.ar\/usina1\/wp-json\/wp\/v2\/posts"}],"about":[{"href":"http:\/\/enteculturalsantafesino.com.ar\/usina1\/wp-json\/wp\/v2\/types\/post"}],"author":[{"embeddable":true,"href":"http:\/\/enteculturalsantafesino.com.ar\/usina1\/wp-json\/wp\/v2\/users\/3"}],"replies":[{"embeddable":true,"href":"http:\/\/enteculturalsantafesino.com.ar\/usina1\/wp-json\/wp\/v2\/comments?post=644"}],"version-history":[{"count":0,"href":"http:\/\/enteculturalsantafesino.com.ar\/usina1\/wp-json\/wp\/v2\/posts\/644\/revisions"}],"wp:attachment":[{"href":"http:\/\/enteculturalsantafesino.com.ar\/usina1\/wp-json\/wp\/v2\/media?parent=644"}],"wp:term":[{"taxonomy":"category","embeddable":true,"href":"http:\/\/enteculturalsantafesino.com.ar\/usina1\/wp-json\/wp\/v2\/categories?post=644"},{"taxonomy":"post_tag","embeddable":true,"href":"http:\/\/enteculturalsantafesino.com.ar\/usina1\/wp-json\/wp\/v2\/tags?post=644"}],"curies":[{"name":"wp","href":"https:\/\/api.w.org\/{rel}","templated":true}]}}