{"id":6584,"date":"2012-10-10T20:50:13","date_gmt":"2012-10-10T20:50:13","guid":{"rendered":"http:\/\/entecultura.com.ar\/noticias\/?p=6584"},"modified":"2012-10-10T20:50:13","modified_gmt":"2012-10-10T20:50:13","slug":"ya-llega-rock-live-san-genaro-2012","status":"publish","type":"post","link":"http:\/\/enteculturalsantafesino.com.ar\/usina1\/2012\/10\/ya-llega-rock-live-san-genaro-2012\/","title":{"rendered":"YA LLEGA ROCK LIVE SAN GENARO 2012"},"content":{"rendered":"<p><strong>Imperdible entrevista a Alejandro Mazza, organizador de <a href=\"http:\/\/enteculturalsantafesino.com.ar\/noticias\/wp-content\/uploads\/2012\/10\/ALEJANDRO-MAZZA.jpg\" rel=\"lightbox[6584]\"><img loading=\"lazy\" decoding=\"async\" class=\"alignright size-medium wp-image-6585\" title=\"ALEJANDRO MAZZA\" src=\"http:\/\/enteculturalsantafesino.com.ar\/noticias\/wp-content\/uploads\/2012\/10\/ALEJANDRO-MAZZA-300x134.jpg\" alt=\"\" width=\"300\" height=\"134\" srcset=\"http:\/\/enteculturalsantafesino.com.ar\/usina1\/wp-content\/uploads\/2012\/10\/ALEJANDRO-MAZZA-300x134.jpg 300w, http:\/\/enteculturalsantafesino.com.ar\/usina1\/wp-content\/uploads\/2012\/10\/ALEJANDRO-MAZZA.jpg 895w\" sizes=\"(max-width: 300px) 100vw, 300px\" \/><\/a><\/strong><\/p>\n<p><strong>Rocklive San Genaro 2012. Con conceptos muy claros y de la mano con el pensamiento de Under471 y los m\u00fasicos todos de la Regi\u00f3n, hablamos, adem\u00e1s del excelente evento que se viene y la gran apuesta que significa, sobre el Rock de ac\u00e1, los espacios para mostrarse y la importancia del movimiento \u2018rocker\u2019 entre otras cosas.<\/strong><\/p>\n<p><strong>Est\u00e9s relacionado\/identificado con la m\u00fasica Rock o no, te aseguro que la vas a disfrutar tanto como nosotros. De m\u00e1s esta decir: apoyemos eventos de esta clase, hist\u00f3rico por ser el primero, para que se vengan muchos m\u00e1s.<\/strong><\/p>\n<p><strong>Un abrazo.<\/strong><\/p>\n<hr size=\"1\" width=\"620\" \/>\n<p><strong>-\u00bfC\u00f3mo nace la idea de Rock Live San Genaro?<\/strong><\/p>\n<p>La idea nace por que actualmente creemos necesario construir un espacio que convoque a cientos de j\u00f3venes y no tan j\u00f3venes que hacen rock, que los contenga, que los a\u00fane, que les permita conocerse y encontrar herramientas que mejoren sus producciones, sus circuitos, sus formas de producci\u00f3n y fundamentalmente que los identifique como actores de un espacio com\u00fan, colectivo ya que la cultura tiene un lugar destacado en este proceso en el que la juventud ha tomado protagonismo, fortalece nuestras identidades y ayuda a formar ciudadanos con capacidad cr\u00edtica y conciencia de los derechos econ\u00f3micos, sociales y culturales conseguidos en los a\u00f1os de democracia. Para consolidar la cultura democr\u00e1tica, Rocklive promueve la creaci\u00f3n y difusi\u00f3n del rock argentino.<\/p>\n<p><strong>-\u00bfComo se llego a la selecci\u00f3n de bandas? \u00bfQuienes van a tocar?<\/strong><\/p>\n<p>A la selecci\u00f3n de bandas se llego gracias a los contactos que uno fue cosechando durante este tiempo en realizaciones de eventos de todo tipo. La mayor\u00eda de las que estar\u00e1n presentes en este, nuestro primer Rocklive son bandas de conocidos o recomendadas. Las bandas que tocaran son las siguientes: <strong>La Inefable<\/strong>, <strong>El Roido<\/strong>, <strong>El Burgo<\/strong>, <strong>Nexo<\/strong>, <strong>Mr. Hyde<\/strong>, <strong>Km 40<\/strong>, <strong>La Manteca<\/strong>, <strong>Silencio de Negra<\/strong>, <strong>Vuelos Rock<\/strong>, <strong>La Matienzo<\/strong> y <strong>Derecho de Piso<\/strong>. Tratamos de unir gran parte de la zona en un solo lugar.<\/p>\n<p><img decoding=\"async\" title=\"557024_438218009549316_752349238_n\" src=\"http:\/\/www.under471.com.ar\/wp-content\/uploads\/2012\/10\/557024_438218009549316_752349238_n.jpg\" alt=\"\" width=\"620\" \/><\/p>\n<p><strong>-\u00bfC\u00f3mo es la estructura del festival?<\/strong><\/p>\n<p>El festival contar\u00e1 con una iluminaci\u00f3n, sonido, proyecciones, escenario y dem\u00e1s de primer nivel. Con respecto al tiempo, cada banda dispondr\u00e1 de 45 minutos para mostrar su mejor repertorio. Tambi\u00e9n vale aclarar que contamos con algunos instrumentos fijos durante todo el evento, lo cual va a lograr que el tiempo entre banda y banda no sea mayor a los 10 minutos, en los cuales seguramente va a haber diversos sorteos y animaci\u00f3n para que sea algo din\u00e1mico y no aburra.<\/p>\n<p><strong>-Contanos sobre que otras cosas vamos a encontrar en Rock Live adem\u00e1s del Rock<\/strong><\/p>\n<p>En esa tarde noche nos vamos a encontrar con muchas cosas, no solo con Rock sino tambi\u00e9n con la conducci\u00f3n\/animaci\u00f3n de <strong>Sebas Oneto<\/strong>, una de las veces principales de la <strong>FM Vida<\/strong>, como as\u00ed tambi\u00e9n con un gran buffet y la posibilidad para la gente de llevarse un recuerdo del festival ya que va a haber un puesto de venta de merchandising de <strong>Rocklive<\/strong> dentro mismo del predio en el cual se vender\u00e1 remeras, llaveros, etc, etc.<\/p>\n<p><strong>-\u00bfC\u00f3mo esta respondiendo el publico a la compra de entradas anticipadas? \u00bfExisten puntos de ventas en otras localidades?<\/strong><\/p>\n<p>Por el momento estamos muy agradecidos con todos, a pesar de que todav\u00eda falta un tiempito y que sabemos que la gran mayor\u00eda se define a ultimo momento vamos muy bien. Ya tenemos una cantidad de entradas vendidas que nos asombra. Con respecto a los puntos de venta, podemos decir que logramos acaparar toda la regi\u00f3n y m\u00e1s tambi\u00e9n. Se pueden conseguir entradas en cualquier ciudad\/pueblo vecino y hasta Rosario .<\/p>\n<p><strong>-\u00bfComo son los sangenarinos para con bandas foraneas que realizan temas propios?<\/strong><\/p>\n<p>Bueno ese es un tema que si te digo algo te mentir\u00eda, ya que este es el primer festival de Rock de la historia de la ciudad. Pero tenemos mucha confianza en ellos y sobre todo en las bandas que sabemos que lo que hacen lo hacen bien, y cuando las cosas se hacen de esa manera nadie se puede quejar.<\/p>\n<p><strong>-\u00bfTienen a miras seguir realizando el Rock Live en a\u00f1os posteriores?<\/strong><\/p>\n<p>Seguro que si, por eso a esto siempre se lo tomo como un PROYECTO y no como algo ocasional. Esperamos que todos nos acompa\u00f1en en este, el primero, y el a\u00f1o que viene poder hacerlo mucho mas grande, sin olvidarnos de las bandas de la regi\u00f3n, pero si ya con algunas bandas famosas.<\/p>\n<p>&nbsp;<\/p>\n<p><strong>-Seguramente as\u00ed ser\u00e1, es una excelente apuesta para el Rock Regional \u00bfEst\u00e1 en carpeta la posibilidad de realizarlo en otras localidades?<\/strong><\/p>\n<p>Tenemos varias propuestas ya de diferentes ciudades de lejos y no tan lejos, pero la verdad que estamos muy metidos en este como para ya pensar en otros proyectos. Pero es algo que no descartamos.<\/p>\n<p><strong>-Es muy interesante su forma de ver el espacio para el Rock, si bien el arte en si lo es, \u00bfpor que crees necesario al Rock como punto de encuentro?<\/strong><\/p>\n<p>Porque vemos al rock como un fen\u00f3meno que nadie puede negar, que une gente de todas las edades y hace una interacci\u00f3n muy buena entre gente de todo tipo de clases sociales y pensamientos. Creo que en la primera pregunta respondo mucho sobre esta tambi\u00e9n.<\/p>\n<p><strong>-En estos \u00faltimos tiempos se ve un resurgimiento, \u00bfpor que crees que merm\u00f3 el crecimiento\/desarrollo del movimiento en la Regi\u00f3n, al menos masivamente?<\/strong><\/p>\n<p>Porque ya no queda mucha gente que se arriesgue por sus ideas. Sabemos que este, el nuestro, es un desaf\u00edo importante, no es un terreno f\u00e1cil el de hacer un festival de estas caracter\u00edsticas y nadie ni nada te asegura que la gente va a responder, pero es cuesti\u00f3n de tenerse fe, trabajar y creer en tus ideas.<\/p>\n<p><strong>-\u00bfQu\u00e9 opinas sobre el espacio para mostrarse que tienen las bandas en la Regi\u00f3n?<\/strong><\/p>\n<p>Muchas de las bandas de la regi\u00f3n hoy en d\u00eda no cuentan con ning\u00fan espacio para mostrar sus trabajos, y creo que eso es lo peor que le puede pasar a cualquiera. No poder Mostrar tus habilidades\/trabajos es frustrante, tal vez eso hace al abandono de muchas bandas que nacen con una expectativa pero al poco tiempo se dan cuenta que es muy dif\u00edcil luchar contra la corriente.<\/p>\n<p>Por este mismo motivo nosotros apostamos todo a ellos. Ten\u00edamos grandes oportunidades de traer bandas de cierto prestigio para este festival, las cuales ya todos sabemos de sus altos costos, pero nos decidimos por poner esa plata en un buen armado estructural (escenario, luces, sonido, promoci\u00f3n, etc, etc) y que sean las bandas locales\/zonales las que se luzcan esa noche, que todas tengan su momento de gloria sobre el escenario.<\/p>\n<p><strong>-\u00bfComo ves al Rock de la Regi\u00f3n?<\/strong><\/p>\n<p>Abandonado\u2026 y no lo digo por parte de las bandas, sino por parte de la gente que si puede hacer muchas cosas para que esto no suceda y no lo hace. Nosotros por suerte contamos con el apoyo de la municipalidad y ministerio de cultura de nuestra ciudad, que no es poco decir hoy en d\u00eda.<\/p>\n<p><strong>-La gente de por ac\u00e1\u2026 \u00bfquiere Rock?<\/strong><\/p>\n<p>Fue la primer pregunta que nos hicimos antes de empezar con todo esto, y creo que la respuesta ya se la deben imaginar. Creemos que hay mucha gente que espera m\u00e1s fiestas como estas y que les gusta el Rock desde siempre y a los que no son \u201cdel palo\u201d como suelen decir algunos, los invitamos a que se sumen por que la verdad que va a estar bueno. Se hace todo con buena onda y necesitamos el apoyo de todos, no solo de los amantes del Rock, as\u00ed que el 20 de octubre date una vuelta por <strong>Rocklive<\/strong> 2012 que prometemos no defraudarte. <em><strong>Fuente under471<\/strong><\/em><\/p>\n","protected":false},"excerpt":{"rendered":"<p>Imperdible entrevista a Alejandro Mazza, organizador de Rocklive San Genaro 2012. Con conceptos muy claros y de [&hellip;]<\/p>\n","protected":false},"author":3,"featured_media":0,"comment_status":"open","ping_status":"open","sticky":false,"template":"","format":"standard","meta":{"_jetpack_memberships_contains_paid_content":false,"footnotes":"","jetpack_publicize_message":"","jetpack_publicize_feature_enabled":true,"jetpack_social_post_already_shared":false,"jetpack_social_options":{"image_generator_settings":{"template":"highway","enabled":false}}},"categories":[4,6,28],"tags":[],"jetpack_publicize_connections":[],"jetpack_sharing_enabled":true,"jetpack_featured_media_url":"","_links":{"self":[{"href":"http:\/\/enteculturalsantafesino.com.ar\/usina1\/wp-json\/wp\/v2\/posts\/6584"}],"collection":[{"href":"http:\/\/enteculturalsantafesino.com.ar\/usina1\/wp-json\/wp\/v2\/posts"}],"about":[{"href":"http:\/\/enteculturalsantafesino.com.ar\/usina1\/wp-json\/wp\/v2\/types\/post"}],"author":[{"embeddable":true,"href":"http:\/\/enteculturalsantafesino.com.ar\/usina1\/wp-json\/wp\/v2\/users\/3"}],"replies":[{"embeddable":true,"href":"http:\/\/enteculturalsantafesino.com.ar\/usina1\/wp-json\/wp\/v2\/comments?post=6584"}],"version-history":[{"count":0,"href":"http:\/\/enteculturalsantafesino.com.ar\/usina1\/wp-json\/wp\/v2\/posts\/6584\/revisions"}],"wp:attachment":[{"href":"http:\/\/enteculturalsantafesino.com.ar\/usina1\/wp-json\/wp\/v2\/media?parent=6584"}],"wp:term":[{"taxonomy":"category","embeddable":true,"href":"http:\/\/enteculturalsantafesino.com.ar\/usina1\/wp-json\/wp\/v2\/categories?post=6584"},{"taxonomy":"post_tag","embeddable":true,"href":"http:\/\/enteculturalsantafesino.com.ar\/usina1\/wp-json\/wp\/v2\/tags?post=6584"}],"curies":[{"name":"wp","href":"https:\/\/api.w.org\/{rel}","templated":true}]}}